{"id":96252,"date":"2022-12-25T17:13:44","date_gmt":"2022-12-25T20:13:44","guid":{"rendered":"https:\/\/primicias2262.com\/?p=96252"},"modified":"2022-12-25T17:13:44","modified_gmt":"2022-12-25T20:13:44","slug":"inseguridad-una-materia-pendiente-de-la-administracion-rojas","status":"publish","type":"post","link":"https:\/\/primicias2262.com\/noticias\/inseguridad-una-materia-pendiente-de-la-administracion-rojas\/","title":{"rendered":"Inseguridad : \u00abUna materia pendiente de la administraci\u00f3n Rojas\u00bb"},"content":{"rendered":"<p>El dirigente peronista Roberto G\u00f3mez opin\u00f3 que \u00ablos que m\u00e1s sufren la inseguridad son los desocupados y los trabajadores\u00bb y agreg\u00f3 que \u00aba veces se hace\u00a0un an\u00e1lisis muy simplista, que es equivocado, cuando se dice que los m\u00e1s afectaos por la falta de seguridad son los que tienen m\u00e1s recursos, o quienes est\u00e1n mejor econ\u00f3micamente\u00bb.<\/p>\n<p>\u00abPodemos poner un par de ejemplos: a un trabajador o a una trabajadora que le roban la bicicleta o la moto se les hace pr\u00e1cticamente imposible recuperarla o volver a compararla. Incluso, hay gente que cuando se la roban todav\u00eda la est\u00e1 pagando en cuotas\u00bb, puntualiz\u00f3.<\/p>\n<p>Asegur\u00f3 que \u00abhay una bater\u00eda de acciones que se pueden hacer y no vemos que el municipio las lleve a cabo, ya que muchas veces las autoridades se sacan el lazo de encima diciendo que es un tema provincial o nacional\u00bb.<\/p>\n<p>\u00abYo no comparto para nada, porque nosotros vivimos ac\u00e1, somos vecinos de Necochea, de Quequ\u00e9n o del distrito, y necesitamos que el municipio tome acciones, m\u00e1s all\u00e1 de la responsabilidad que le cabe a la Provincia por administrar la Polic\u00eda\u00bb, se\u00f1al\u00f3 G\u00f3mez.<\/p>\n<p>Reafirm\u00f3 que \u00abhay un mont\u00f3n de medidas que se pueden tomar en el distrito y que tampoco tiene que ver con lo econ\u00f3mico, porque enseguida se lleva todo a ese plano: \u201cNo tenemos presupuesto, o nos han dejado deudas de las anteriores administraciones\u201d. Se plantea eso y se pone como una excusa para la inacci\u00f3n\u00bb.<\/p>\n<p>Plante\u00f3 que \u00abno se ven que se hagan operativos o controles del municipio con la Polic\u00eda, en conjunto, en las compraventas, en las casas que venden celulares usados, repuestos, electrodom\u00e9sticos o un mont\u00f3n de cosas usadas que no tiene ning\u00fan papel y que lamentablemente algunos comerciantes inescrupulosos toman esos bienes y los ponen en venta\u00bb.<\/p>\n<p>Ampli\u00f3 diciendo que \u00abhay una falla en distintos niveles\u00bb y que \u00abhay que analizar tema por tema: la Justicia, que no es eficiente, que no da respuestas; la Polic\u00eda, que tampoco. A veces por falta de presupuesto y con veh\u00edculos que est\u00e1n rotos o sin combustible\u00bb.<\/p>\n<p>Por otra parte, consider\u00f3 que \u00abhay muchas cosas que se pueden hacer. Nosotros desde el peronismo lo que planteamos primero es el tema del deporte y del trabajo, fundamentalmente para los j\u00f3venes. Muchos de esos j\u00f3venes que no tiene futuro, que no encuentran salida y que terminan ingresando en la etapa de la delincuencia\u00bb.<\/p>\n<p>\u00abNos parece que lo primero que tienen que hacer el municipio y la provincia, es este caso tambi\u00e9n, es poner m\u00e1s plata en deportes, contener a los j\u00f3venes, hacer m\u00e1s playones, alg\u00fan polideportivo nuevo, pagarle mejor a los profes, poner m\u00e1s recursos. No es tanto tampoco: pelotas de v\u00f3ley, de futbol, redes. O sea, contener a los j\u00f3venes desde el deporte es una primera aproximaci\u00f3n al tema\u00bb, finaliz\u00f3.<\/p>\n<p>&nbsp;<\/p>\n","protected":false},"excerpt":{"rendered":"<p>El dirigente peronista Roberto G\u00f3mez opin\u00f3 que \u00ablos que m\u00e1s sufren la inseguridad son los desocupados y los trabajadores\u00bb y agreg\u00f3 que \u00aba veces se hace\u00a0un an\u00e1lisis muy simplista, que es equivocado, cuando se dice que los m\u00e1s afectaos por la falta de seguridad son los que tienen m\u00e1s recursos, o quienes est\u00e1n mejor econ\u00f3micamente\u00bb. [&hellip;]<\/p>\n","protected":false},"author":3,"featured_media":83097,"comment_status":"closed","ping_status":"closed","sticky":false,"template":"","format":"standard","meta":{"footnotes":""},"categories":[3],"tags":[],"class_list":["post-96252","post","type-post","status-publish","format-standard","has-post-thumbnail","category-masnoticias"],"_links":{"self":[{"href":"https:\/\/primicias2262.com\/noticias\/wp-json\/wp\/v2\/posts\/96252","targetHints":{"allow":["GET"]}}],"collection":[{"href":"https:\/\/primicias2262.com\/noticias\/wp-json\/wp\/v2\/posts"}],"about":[{"href":"https:\/\/primicias2262.com\/noticias\/wp-json\/wp\/v2\/types\/post"}],"author":[{"embeddable":true,"href":"https:\/\/primicias2262.com\/noticias\/wp-json\/wp\/v2\/users\/3"}],"replies":[{"embeddable":true,"href":"https:\/\/primicias2262.com\/noticias\/wp-json\/wp\/v2\/comments?post=96252"}],"version-history":[{"count":0,"href":"https:\/\/primicias2262.com\/noticias\/wp-json\/wp\/v2\/posts\/96252\/revisions"}],"wp:attachment":[{"href":"https:\/\/primicias2262.com\/noticias\/wp-json\/wp\/v2\/media?parent=96252"}],"wp:term":[{"taxonomy":"category","embeddable":true,"href":"https:\/\/primicias2262.com\/noticias\/wp-json\/wp\/v2\/categories?post=96252"},{"taxonomy":"post_tag","embeddable":true,"href":"https:\/\/primicias2262.com\/noticias\/wp-json\/wp\/v2\/tags?post=96252"}],"curies":[{"name":"wp","href":"https:\/\/api.w.org\/{rel}","templated":true}]}}