{"id":96256,"date":"2022-12-26T11:47:15","date_gmt":"2022-12-26T14:47:15","guid":{"rendered":"https:\/\/primicias2262.com\/?p=96256"},"modified":"2022-12-26T11:47:15","modified_gmt":"2022-12-26T14:47:15","slug":"relacion-con-el-puerto-ha-habido-idas-y-vueltas-y-en-los-ultimos-tiempos-se-ha-mejorado","status":"publish","type":"post","link":"https:\/\/primicias2262.com\/noticias\/relacion-con-el-puerto-ha-habido-idas-y-vueltas-y-en-los-ultimos-tiempos-se-ha-mejorado\/","title":{"rendered":"Relaci\u00f3n con el Puerto: \u201cHa habido idas y vueltas y en los \u00faltimos tiempos se ha mejorado\u201d"},"content":{"rendered":"<p><strong>As\u00ed lo defini\u00f3 el intendente Arturo Rojas en referencia a la relaci\u00f3n con Jorge \u00c1lvaro, presidente del Consorcio de Gesti\u00f3n de Puerto Quequ\u00e9n, y a su vez, el jefe comunal revel\u00f3 que tambi\u00e9n ha escuchado informaci\u00f3n sobre posibles cambios en la cabeza del puerto.<\/strong><\/p>\n<p>En los estudios de \u201cVoces de la Ciudad\u201d, el Intendente habl\u00f3 sobre varios temas con el periodista Jorge G\u00f3mez, y uno de ellos fue la relaci\u00f3n entre la comuna y el Puerto, y vaya si es voz autorizada, ya que lleg\u00f3 a la intendencia con previo paso por la presidencia del Consorcio de Gesti\u00f3n, cargo que hoy est\u00e1 bajo la responsabilidad de Jorge \u00c1lvaro.<\/p>\n<p>Si hay algo que siempre remarca el intendente Rojas en sus discursos como algo fundamental es el trabajo en conjunto, y primeramente respecto a esta cuesti\u00f3n reconoci\u00f3 que \u201cpor supuesto que la relaci\u00f3n con el Puerto no est\u00e1 \u00f3ptima, pero es a lo que apuntamos\u2026 tiene que ser un trabajo en conjunto y permanente, ya que precisamos que las dos instituciones est\u00e9n en l\u00ednea empujando al crecimiento que estamos teniendo y queremos tener en la ciudad\u201d.<\/p>\n<p>No obstante, desliz\u00f3 en ese sentido que \u201ccon el Consorcio ha habido idas y vueltas y la relaci\u00f3n con el actual presidente (Jorge \u00c1lvaro) en los \u00faltimos tiempos se ha mejorado\u201d, aunque dej\u00f3 entrever que \u201ctuvimos algunos chisporrotazos y los hemos solucionado\u201d.<\/p>\n<p>Finalmente, Rojas revel\u00f3 que \u201ctambi\u00e9n he escuchado la informaci\u00f3n que puede haber alg\u00fan cambio en la presidencia del Puerto y si as\u00ed sucede trataremos de sentarnos desde el primer minuto para trazar una agenda com\u00fan, y lo mismo con la Usina Popular Cooperativa, con la que tendremos una reuni\u00f3n de trabajo m\u00e1s a fondo para ajustar y aceitar mecanismos en conjunto\u201d.<\/p>\n","protected":false},"excerpt":{"rendered":"<p>As\u00ed lo defini\u00f3 el intendente Arturo Rojas en referencia a la relaci\u00f3n con Jorge \u00c1lvaro, presidente del Consorcio de Gesti\u00f3n de Puerto Quequ\u00e9n, y a su vez, el jefe comunal revel\u00f3 que tambi\u00e9n ha escuchado informaci\u00f3n sobre posibles cambios en la cabeza del puerto. En los estudios de \u201cVoces de la Ciudad\u201d, el Intendente habl\u00f3 [&hellip;]<\/p>\n","protected":false},"author":3,"featured_media":96257,"comment_status":"closed","ping_status":"closed","sticky":false,"template":"","format":"standard","meta":{"footnotes":""},"categories":[3],"tags":[],"class_list":["post-96256","post","type-post","status-publish","format-standard","has-post-thumbnail","category-masnoticias"],"_links":{"self":[{"href":"https:\/\/primicias2262.com\/noticias\/wp-json\/wp\/v2\/posts\/96256","targetHints":{"allow":["GET"]}}],"collection":[{"href":"https:\/\/primicias2262.com\/noticias\/wp-json\/wp\/v2\/posts"}],"about":[{"href":"https:\/\/primicias2262.com\/noticias\/wp-json\/wp\/v2\/types\/post"}],"author":[{"embeddable":true,"href":"https:\/\/primicias2262.com\/noticias\/wp-json\/wp\/v2\/users\/3"}],"replies":[{"embeddable":true,"href":"https:\/\/primicias2262.com\/noticias\/wp-json\/wp\/v2\/comments?post=96256"}],"version-history":[{"count":0,"href":"https:\/\/primicias2262.com\/noticias\/wp-json\/wp\/v2\/posts\/96256\/revisions"}],"wp:attachment":[{"href":"https:\/\/primicias2262.com\/noticias\/wp-json\/wp\/v2\/media?parent=96256"}],"wp:term":[{"taxonomy":"category","embeddable":true,"href":"https:\/\/primicias2262.com\/noticias\/wp-json\/wp\/v2\/categories?post=96256"},{"taxonomy":"post_tag","embeddable":true,"href":"https:\/\/primicias2262.com\/noticias\/wp-json\/wp\/v2\/tags?post=96256"}],"curies":[{"name":"wp","href":"https:\/\/api.w.org\/{rel}","templated":true}]}}