{"id":96268,"date":"2022-12-26T14:45:20","date_gmt":"2022-12-26T17:45:20","guid":{"rendered":"https:\/\/primicias2262.com\/?p=96268"},"modified":"2022-12-26T14:45:20","modified_gmt":"2022-12-26T17:45:20","slug":"llegaron-100-efectivos-de-caballeria-a-necochea-para-integrar-el-operativo-sol","status":"publish","type":"post","link":"https:\/\/primicias2262.com\/noticias\/llegaron-100-efectivos-de-caballeria-a-necochea-para-integrar-el-operativo-sol\/","title":{"rendered":"Llegaron 100 efectivos de Caballer\u00eda a Necochea para integrar el Operativo Sol"},"content":{"rendered":"<p><strong>En la ma\u00f1ana de este lunes, un centenar de efectivos del Cuerpo de Caballer\u00eda que tiene base en el Parque Miguel Lillo arribaron a la ciudad de Necochea para formar parte del refuerzo en seguridad que env\u00eda la Provincia de Buenos Aires a toda la Costa Atl\u00e1ntica en el marco del Operativo Sol.<\/strong><\/p>\n<p>Aun sin haberse hecho oficial la cifra que ser\u00e1 destinada para este accionar, se estima que se incrementar\u00e1 en, como m\u00ednimo, un millar con respecto a la temporada anterior el n\u00famero de agentes que ser\u00e1 desplegado en los principales balnearios tur\u00edsticos, adem\u00e1s de implementarse acciones para prevenir incendios y fortalecer el sistema sanitario.<\/p>\n<p>Con el arribo de estos cien profesionales capacitados, m\u00e1s unos sesenta oficiales que se incorporar\u00e1n como auxilio para la Polic\u00eda Bonaerense, cifra que ser\u00e1 confirmada con el correr de la semana, el distrito contar\u00e1 este verano con un n\u00famero hist\u00f3rico de efectivos volcados a la prevenci\u00f3n del delito en los puntos m\u00e1s concurridos.<\/p>\n<p>Vale destacar que la llegada de los integrantes de este cuerpo se da en un contexto de colaboraci\u00f3n mutua entre la fuerza y el municipio, a trav\u00e9s del propio intendente Arturo Rojas y las distintas \u00e1reas que componen la Secretar\u00eda de Gobierno, desde donde se han multiplicado los esfuerzos para garantizar la instalaci\u00f3n de las caballerizas en el pulm\u00f3n verde de la ciudad, gesto que fue agradecido con este numeroso desembarco.<\/p>\n","protected":false},"excerpt":{"rendered":"<p>En la ma\u00f1ana de este lunes, un centenar de efectivos del Cuerpo de Caballer\u00eda que tiene base en el Parque Miguel Lillo arribaron a la ciudad de Necochea para formar parte del refuerzo en seguridad que env\u00eda la Provincia de Buenos Aires a toda la Costa Atl\u00e1ntica en el marco del Operativo Sol. Aun sin [&hellip;]<\/p>\n","protected":false},"author":3,"featured_media":96269,"comment_status":"closed","ping_status":"closed","sticky":false,"template":"","format":"standard","meta":{"footnotes":""},"categories":[3],"tags":[],"class_list":["post-96268","post","type-post","status-publish","format-standard","has-post-thumbnail","category-masnoticias"],"_links":{"self":[{"href":"https:\/\/primicias2262.com\/noticias\/wp-json\/wp\/v2\/posts\/96268","targetHints":{"allow":["GET"]}}],"collection":[{"href":"https:\/\/primicias2262.com\/noticias\/wp-json\/wp\/v2\/posts"}],"about":[{"href":"https:\/\/primicias2262.com\/noticias\/wp-json\/wp\/v2\/types\/post"}],"author":[{"embeddable":true,"href":"https:\/\/primicias2262.com\/noticias\/wp-json\/wp\/v2\/users\/3"}],"replies":[{"embeddable":true,"href":"https:\/\/primicias2262.com\/noticias\/wp-json\/wp\/v2\/comments?post=96268"}],"version-history":[{"count":0,"href":"https:\/\/primicias2262.com\/noticias\/wp-json\/wp\/v2\/posts\/96268\/revisions"}],"wp:attachment":[{"href":"https:\/\/primicias2262.com\/noticias\/wp-json\/wp\/v2\/media?parent=96268"}],"wp:term":[{"taxonomy":"category","embeddable":true,"href":"https:\/\/primicias2262.com\/noticias\/wp-json\/wp\/v2\/categories?post=96268"},{"taxonomy":"post_tag","embeddable":true,"href":"https:\/\/primicias2262.com\/noticias\/wp-json\/wp\/v2\/tags?post=96268"}],"curies":[{"name":"wp","href":"https:\/\/api.w.org\/{rel}","templated":true}]}}