{"id":96271,"date":"2022-12-26T15:04:05","date_gmt":"2022-12-26T18:04:05","guid":{"rendered":"https:\/\/primicias2262.com\/?p=96271"},"modified":"2022-12-26T15:04:05","modified_gmt":"2022-12-26T18:04:05","slug":"el-sindicato-de-municipales-anuncio-quite-de-colaboracion-y-movilizacion-para-este-martes","status":"publish","type":"post","link":"https:\/\/primicias2262.com\/noticias\/el-sindicato-de-municipales-anuncio-quite-de-colaboracion-y-movilizacion-para-este-martes\/","title":{"rendered":"El Sindicato de Municipales anunci\u00f3 quite de colaboraci\u00f3n y movilizaci\u00f3n para este martes"},"content":{"rendered":"<p>En el contexto de las negociaciones con el Departamento Ejecutivo Municipal por el incremento salarial, el Sindicato de Trabajadores Municipales inform\u00f3 este lunes que actuar\u00e1 de acuerdo a lo establecido en su \u00faltima asamblea.<\/p>\n<p><strong>El comunicado oficial del STM:<\/strong><\/p>\n<p>\u00abDe acuerdo a lo resuelto en\u00a0 Asamblea, les recordamos a todos los trabajadores y trabajadoras Municipales que el d\u00eda Martes 27 se realizar\u00e1 quite de colaboraci\u00f3n, y el mismo d\u00eda a\u00a0 las 9.30 hs se concentrar\u00e1 en instalaciones del gremio para comenzar la movilizaci\u00f3n por el centro de la ciudad, hacia el Palacio Municipal\u00bb.<\/p>\n<p>Asimismo, apuntaron que \u00abel\u00a0 mi\u00e9rcoles se continuar\u00e1 con la medida del quite de colaboraci\u00f3n y en ambas jornadas completas\u00bb.<\/p>\n<p>La medida del gremio se debe a que exige un incremento del 20% de los salarios con base en el actual mes de diciembre, mientras que la idea del Ejecutivo se basa en un porcentaje con base en marzo de 2022, en el marco de la paritaria anual que va de marzo a marzo.<\/p>\n<p>De esta manera, volver\u00e1 a verse una imagen que no se observa desde 2019, cuando el intendente era Facundo L\u00f3pez y los Municipales se movilizaban con frecuencia hacia el Palacio.<\/p>\n","protected":false},"excerpt":{"rendered":"<p>En el contexto de las negociaciones con el Departamento Ejecutivo Municipal por el incremento salarial, el Sindicato de Trabajadores Municipales inform\u00f3 este lunes que actuar\u00e1 de acuerdo a lo establecido en su \u00faltima asamblea. El comunicado oficial del STM: \u00abDe acuerdo a lo resuelto en\u00a0 Asamblea, les recordamos a todos los trabajadores y trabajadoras Municipales [&hellip;]<\/p>\n","protected":false},"author":3,"featured_media":96272,"comment_status":"closed","ping_status":"closed","sticky":false,"template":"","format":"standard","meta":{"footnotes":""},"categories":[3],"tags":[],"class_list":["post-96271","post","type-post","status-publish","format-standard","has-post-thumbnail","category-masnoticias"],"_links":{"self":[{"href":"https:\/\/primicias2262.com\/noticias\/wp-json\/wp\/v2\/posts\/96271","targetHints":{"allow":["GET"]}}],"collection":[{"href":"https:\/\/primicias2262.com\/noticias\/wp-json\/wp\/v2\/posts"}],"about":[{"href":"https:\/\/primicias2262.com\/noticias\/wp-json\/wp\/v2\/types\/post"}],"author":[{"embeddable":true,"href":"https:\/\/primicias2262.com\/noticias\/wp-json\/wp\/v2\/users\/3"}],"replies":[{"embeddable":true,"href":"https:\/\/primicias2262.com\/noticias\/wp-json\/wp\/v2\/comments?post=96271"}],"version-history":[{"count":0,"href":"https:\/\/primicias2262.com\/noticias\/wp-json\/wp\/v2\/posts\/96271\/revisions"}],"wp:attachment":[{"href":"https:\/\/primicias2262.com\/noticias\/wp-json\/wp\/v2\/media?parent=96271"}],"wp:term":[{"taxonomy":"category","embeddable":true,"href":"https:\/\/primicias2262.com\/noticias\/wp-json\/wp\/v2\/categories?post=96271"},{"taxonomy":"post_tag","embeddable":true,"href":"https:\/\/primicias2262.com\/noticias\/wp-json\/wp\/v2\/tags?post=96271"}],"curies":[{"name":"wp","href":"https:\/\/api.w.org\/{rel}","templated":true}]}}