{"id":96281,"date":"2022-12-26T17:07:59","date_gmt":"2022-12-26T20:07:59","guid":{"rendered":"https:\/\/primicias2262.com\/?p=96281"},"modified":"2022-12-26T17:07:59","modified_gmt":"2022-12-26T20:07:59","slug":"el-hcd-aprobo-el-nuevo-convenio-con-relisa-y-el-presupuesto-2023","status":"publish","type":"post","link":"https:\/\/primicias2262.com\/noticias\/el-hcd-aprobo-el-nuevo-convenio-con-relisa-y-el-presupuesto-2023\/","title":{"rendered":"El HCD aprob\u00f3 el nuevo convenio con Relisa y el Presupuesto 2023"},"content":{"rendered":"<p><strong>Por mayor\u00eda, el Concejo Deliberante decidi\u00f3 autorizar al intendente Arturo Rojas para que el municipio firme un \u00a0nuevo convenio con Relisa, la empresa concesionaria del servicio de recolecci\u00f3n y tratamiento de residuos. Adem\u00e1s, se aval\u00f3 el Presupuesto oficial de m\u00e1s de 12 millones de pesos para 2023.<\/strong><\/p>\n<p>En cuanto al nuevo convenio con la empresa de recolecci\u00f3n de residuos, el mismo contempla el reconocimiento de una deuda del municipio de algo m\u00e1s de 948 millones de pesos, a pagar en 36 cuotas, a partir de enero de 2024, al tiempo que la empresa desiste de dar continuidad a varios causas judiciales iniciadas contra la comuna por retrasos en los pagos.<\/p>\n<p>Previamente al inicio del plan de pagos, la empresa debe construir una planta de separaci\u00f3n y clasificaci\u00f3n de residuos. Esta \u00faltima estar\u00e1 a cargo de la asociaci\u00f3n Todo parar Ellos. Se desisti\u00f3 del predio cercano al R\u00edo Quequ\u00e9n, ante la queja de un grupo de vecinos.<\/p>\n<p>Fueron 17 los votos a favor y 3 en contra (Juan Pedro Arabarco y Mariela Maceiro, de la ACT, y Felicitas Cabret\u00f3n, de la UCR).<\/p>\n<p>En la misma sesi\u00f3n se aprob\u00f3 el c\u00e1lculo de recursos y presupuesto de gastos para el pr\u00f3ximo a\u00f1o, el cual \u00a0asciende a poco m\u00e1s de 12.000 millones de pesos.<\/p>\n<p><strong>UN PROBLEMA DE 22 A\u00d1OS<\/strong><br \/>\nMarcelo Schwarz, presidente del bloque Nueva Necochea, al referirse \u00a0a los inconvenientes con la disposici\u00f3n final de residuos, sostuvo que \u201ces un problema que viene desde hace 22 a\u00f1os\u201d. Lo hizo al iniciar el debate<\/p>\n<p>Schwarz hizo un repaso de todo lo sucedido en m\u00e1s de dos d\u00e9cadas, desde que la empresa Farfallini recolectaba residuos, pasando por Alvarez y Patio, Servicios Ambientales y la actual Relisa.<\/p>\n<p>Pero no todo el bloque radical vot\u00f3 igual. Felicitas Cabret\u00f3n , a diferencia de sus pares de bancada, se pronunci\u00f3 en contra del pago de algo m\u00e1s de 948 millones de pesos a Relisa.<br \/>\nA su criterio, s\u00f3lo habr\u00eda que reconocer 114 millones de pesos.<br \/>\nCabret\u00f3n enfatiz\u00f3 que \u00abla Municipalidad es reh\u00e9n de la empresa\u00bb concesionaria del servicio de recolecci\u00f3n y tratamiento de residuos.<\/p>\n<p>Al igual que Gonzalo Diez, responsabilizo al ex intendente Facundo L\u00f3pez y al actual jefe comunal Arturo Rojas por haberse llegado a una voluminosa deuda con Relisa<\/p>\n<p><strong>PROTESTA<br \/>\n<\/strong>Cuando parec\u00eda que se proced\u00eda a la votaci\u00f3n del nuevo convenio con la empresa Relisa, un grupo de ambientalistas se par\u00f3 frente a los concejales en el recinto, para hacer ver su protesta en rechazo de la propuesta, portando carteles alusivos. Cuestionaron tanto al Ejecutivo como a los ediles y la empresa. Se quejaron por no hab\u00e9rsele otorgado el uso de la banca abierta por parte del Concejo Deliberante.<\/p>\n<p>Se retiraron a los gritos, arrojando bolsas de basura vac\u00edas contra los ediles que se hallaban en sus bancas.<\/p>\n<p>Respecto a un tema como el otro, el intendente Arturo Rojas hab\u00eda expresado d\u00edas atr\u00e1s su optimismo para con la aprobaci\u00f3n del HCD, durante una nota en \u00abVoces de la Ciudad\u00bb, con el periodista Jorge G\u00f3mez.<\/p>\n<p>\u201cCreemos que la oposici\u00f3n va a terminar acompa\u00f1ando en su amplia mayor\u00eda\u201d, refiri\u00f3 confiado Rojas respecto al tema presupuestario, mientras que en lo concerniente al nuevo convenio con Relisa hab\u00eda se\u00f1alado que \u00abentre lo que est\u00e1 judicializado y conveniado, el volumen de deuda hoy ronda los 1200 millones de pesos, y si esto lo dejamos para el a\u00f1o que viene va a ser exactamente el doble\u201d.<\/p>\n<p><strong>Fuente: elciudadanonecochea.com.ar<\/strong><\/p>\n","protected":false},"excerpt":{"rendered":"<p>Por mayor\u00eda, el Concejo Deliberante decidi\u00f3 autorizar al intendente Arturo Rojas para que el municipio firme un \u00a0nuevo convenio con Relisa, la empresa concesionaria del servicio de recolecci\u00f3n y tratamiento de residuos. Adem\u00e1s, se aval\u00f3 el Presupuesto oficial de m\u00e1s de 12 millones de pesos para 2023. En cuanto al nuevo convenio con la empresa [&hellip;]<\/p>\n","protected":false},"author":3,"featured_media":85504,"comment_status":"closed","ping_status":"closed","sticky":false,"template":"","format":"standard","meta":{"footnotes":""},"categories":[3],"tags":[],"class_list":["post-96281","post","type-post","status-publish","format-standard","has-post-thumbnail","category-masnoticias"],"_links":{"self":[{"href":"https:\/\/primicias2262.com\/noticias\/wp-json\/wp\/v2\/posts\/96281","targetHints":{"allow":["GET"]}}],"collection":[{"href":"https:\/\/primicias2262.com\/noticias\/wp-json\/wp\/v2\/posts"}],"about":[{"href":"https:\/\/primicias2262.com\/noticias\/wp-json\/wp\/v2\/types\/post"}],"author":[{"embeddable":true,"href":"https:\/\/primicias2262.com\/noticias\/wp-json\/wp\/v2\/users\/3"}],"replies":[{"embeddable":true,"href":"https:\/\/primicias2262.com\/noticias\/wp-json\/wp\/v2\/comments?post=96281"}],"version-history":[{"count":0,"href":"https:\/\/primicias2262.com\/noticias\/wp-json\/wp\/v2\/posts\/96281\/revisions"}],"wp:attachment":[{"href":"https:\/\/primicias2262.com\/noticias\/wp-json\/wp\/v2\/media?parent=96281"}],"wp:term":[{"taxonomy":"category","embeddable":true,"href":"https:\/\/primicias2262.com\/noticias\/wp-json\/wp\/v2\/categories?post=96281"},{"taxonomy":"post_tag","embeddable":true,"href":"https:\/\/primicias2262.com\/noticias\/wp-json\/wp\/v2\/tags?post=96281"}],"curies":[{"name":"wp","href":"https:\/\/api.w.org\/{rel}","templated":true}]}}