{"id":96296,"date":"2022-12-27T12:32:09","date_gmt":"2022-12-27T15:32:09","guid":{"rendered":"https:\/\/primicias2262.com\/?p=96296"},"modified":"2022-12-27T12:32:09","modified_gmt":"2022-12-27T15:32:09","slug":"movilizacion-de-los-municipales-mas-nos-amenazan-mas-fuertes-somos","status":"publish","type":"post","link":"https:\/\/primicias2262.com\/noticias\/movilizacion-de-los-municipales-mas-nos-amenazan-mas-fuertes-somos\/","title":{"rendered":"Movilizaci\u00f3n de los Municipales: \u201cM\u00e1s nos amenazan, m\u00e1s fuertes somos\u201d"},"content":{"rendered":"<p><strong>Tal como estaba anunciado, este martes 27 de diciembre el Sindicato de Trabajadores Municipales implement\u00f3 el quite de colaboraci\u00f3n y realiz\u00f3 una ruidosa movilizaci\u00f3n desde el gremio de calle 63 entre 62 y 64 hasta el Palacio Municipal.<\/strong><\/p>\n<p>Una vez all\u00ed, la manifestaci\u00f3n se hizo o\u00edr en el Concejo Deliberante y en el primer piso de la comuna, frente a la puerta del despacho del intendente Arturo Rojas.<\/p>\n<p>Algunos mensajes alusivos se viralizaron en las redes, como por ejemplo el del secretario adjunto del STM, Gast\u00f3n D\u00edaz, quien expres\u00f3 que \u201cm\u00e1s nos amenazan, m\u00e1s fuerte somos\u2026 vamos Municipales carajo\u201d, y otra expresi\u00f3n que reza \u201cas\u00ed respondemos a las apretadas\u201d, acompa\u00f1ada de la foto que encabeza esta nota, con el hall del primer piso repleto.<\/p>\n<p>El quite de colaboraci\u00f3n y movilizaci\u00f3n de los Municipales se trata hasta aqu\u00ed del punto m\u00e1s \u00e1lgido de la relaci\u00f3n con el actual Departamento Ejecutivo Municipal que encabeza Arturo Rojas, con quien desde 2019 hasta la fecha ven\u00eda primando el buen di\u00e1logo y las decisiones mancomunadas a buen t\u00e9rmino. Sin embargo, las partes no se ponen de acuerdo a\u00fan en los n\u00fameros finales de la paritaria anual 2022 y eso llev\u00f3 al sindicato a tomar las medidas que se vieron este martes. Las medidas se deben a que el STM exige un incremento del 20% de los salarios con base en el actual mes de diciembre, mientras que la idea del Ejecutivo se basa en un porcentaje con base en marzo de 2022, en el marco de la paritaria anual que va de marzo a marzo.<\/p>\n<p><strong>El ofrecimiento del Ejecutivo<\/strong><\/p>\n<p>En horas de la tarde de ayer lunes 26, el Municipio emiti\u00f3 el siguiente comunicado al respecto:<\/p>\n<div class=\"elementor elementor-47918 dce-elementor-post-76674 elementor-location-single post-76674 post type-post status-publish format-standard has-post-thumbnail hentry category-prensa tag-1664 tag-arturo-rojas tag-diciembre tag-municipales tag-municipalidad tag-sindicato tag-trabajadores\" data-elementor-type=\"single\" data-elementor-id=\"47918\" data-post-id=\"76674\" data-obj-id=\"76674\">\n<div class=\"elementor-section-wrap\">\n<section class=\"elementor-section elementor-top-section elementor-element elementor-element-2fa324cd elementor-section-boxed elementor-section-height-default elementor-section-height-default\" data-id=\"2fa324cd\" data-element_type=\"section\">\n<div class=\"elementor-container elementor-column-gap-default\">\n<div class=\"elementor-row\">\n<div class=\"elementor-column elementor-col-100 elementor-top-column elementor-element elementor-element-3799173d\" data-id=\"3799173d\" data-element_type=\"column\">\n<div class=\"elementor-column-wrap elementor-element-populated\">\n<div class=\"elementor-widget-wrap\">\n<div class=\"elementor-element elementor-element-4e81b259 elementor-widget elementor-widget-theme-post-content\" data-id=\"4e81b259\" data-element_type=\"widget\" data-widget_type=\"theme-post-content.default\">\n<div class=\"elementor-widget-container\">\n<p>\u00abEn su despacho, el intendente Arturo Rojas recibi\u00f3 este mediod\u00eda a representantes de los gremios que nuclean a los trabajadores municipales con el objetivo de acercarles una nueva oferta paritaria que terminar\u00eda cerrando el 2022 con un 88% de aumento.<\/p>\n<p>Las negociaciones salariales entre el Ejecutivo y los sindicatos hab\u00edan sido acordadas el d\u00eda 14 de julio pasado, cuando se estableci\u00f3 un incremento salarial que llegaba al 62%, para llevar a ese porcentaje, en dicha oportunidad al incremento que ya hab\u00eda sido otorgado, se acord\u00f3 adicionar un 45 % de aumento distribuido en tres tramos: uno del 17%, que se abon\u00f3 el mismo mes de las discusiones, y otros dos del 14%, pactados para octubre y diciembre, pact\u00e1ndose en dicha oportunidad reabrir las negociaciones salariales en el mes de enero de 2023.<\/p>\n<p>Vale recordar que al 62% de aumento convenido a mediados de este a\u00f1o, se le debe sumar el pago, en noviembre 2022, a los empleados del municipio de un bono de veinte mil pesos ($ 20.000).<\/p>\n<p>Por \u00faltimo, los representantes gremiales quedaron en evaluar la propuesta que el Ejecutivo realizo en el d\u00eda de hoy y la distribuci\u00f3n en los meses de enero y febrero de 2023 del porcentaje de aumento salarial que fuera ofrecido\u00bb.<\/p>\n<\/div>\n<\/div>\n<\/div>\n<\/div>\n<\/div>\n<\/div>\n<\/div>\n<\/section>\n<\/div>\n<\/div>\n","protected":false},"excerpt":{"rendered":"<p>Tal como estaba anunciado, este martes 27 de diciembre el Sindicato de Trabajadores Municipales implement\u00f3 el quite de colaboraci\u00f3n y realiz\u00f3 una ruidosa movilizaci\u00f3n desde el gremio de calle 63 entre 62 y 64 hasta el Palacio Municipal. Una vez all\u00ed, la manifestaci\u00f3n se hizo o\u00edr en el Concejo Deliberante y en el primer piso [&hellip;]<\/p>\n","protected":false},"author":3,"featured_media":96297,"comment_status":"closed","ping_status":"closed","sticky":false,"template":"","format":"standard","meta":{"footnotes":""},"categories":[3],"tags":[],"class_list":["post-96296","post","type-post","status-publish","format-standard","has-post-thumbnail","category-masnoticias"],"_links":{"self":[{"href":"https:\/\/primicias2262.com\/noticias\/wp-json\/wp\/v2\/posts\/96296","targetHints":{"allow":["GET"]}}],"collection":[{"href":"https:\/\/primicias2262.com\/noticias\/wp-json\/wp\/v2\/posts"}],"about":[{"href":"https:\/\/primicias2262.com\/noticias\/wp-json\/wp\/v2\/types\/post"}],"author":[{"embeddable":true,"href":"https:\/\/primicias2262.com\/noticias\/wp-json\/wp\/v2\/users\/3"}],"replies":[{"embeddable":true,"href":"https:\/\/primicias2262.com\/noticias\/wp-json\/wp\/v2\/comments?post=96296"}],"version-history":[{"count":0,"href":"https:\/\/primicias2262.com\/noticias\/wp-json\/wp\/v2\/posts\/96296\/revisions"}],"wp:attachment":[{"href":"https:\/\/primicias2262.com\/noticias\/wp-json\/wp\/v2\/media?parent=96296"}],"wp:term":[{"taxonomy":"category","embeddable":true,"href":"https:\/\/primicias2262.com\/noticias\/wp-json\/wp\/v2\/categories?post=96296"},{"taxonomy":"post_tag","embeddable":true,"href":"https:\/\/primicias2262.com\/noticias\/wp-json\/wp\/v2\/tags?post=96296"}],"curies":[{"name":"wp","href":"https:\/\/api.w.org\/{rel}","templated":true}]}}