{"id":96299,"date":"2022-12-27T14:59:21","date_gmt":"2022-12-27T17:59:21","guid":{"rendered":"https:\/\/primicias2262.com\/?p=96299"},"modified":"2022-12-27T14:59:21","modified_gmt":"2022-12-27T17:59:21","slug":"habra-un-aumento-exponencial-de-la-matricula-de-las-escuelas-de-verano","status":"publish","type":"post","link":"https:\/\/primicias2262.com\/noticias\/habra-un-aumento-exponencial-de-la-matricula-de-las-escuelas-de-verano\/","title":{"rendered":"\u201cHabr\u00e1 un aumento exponencial\u00a0 de la matr\u00edcula de las escuelas de verano\u201d"},"content":{"rendered":"<p><strong>As\u00ed lo asegur\u00f3 la presidenta del Consejo Escolar de Necochea, Silvina Jensen, en referencia al programa en conjunto con la Provincia y el Municipio que contar\u00e1 con 22 sedes y se extender\u00e1 desde el 2 al 27 de enero.<\/strong><\/p>\n<p>De visita a los estudios de \u201cVoces de la Ciudad\u201d, Silvina abord\u00f3 varios temas en la nota realizada por el periodista Jorge G\u00f3mez, entre ellos el de las Escuelas Abiertas de Verano, que inicia la semana venidera.<\/p>\n<p>En principio inform\u00f3 que \u201cson 22 sedes, arranca el 2 de enero hasta el 27 y hay una pre inscripci\u00f3n con la cual veremos con qu\u00e9 matr\u00edcula contamos. Este a\u00f1o se implement\u00f3 de anotarse en las escuelas que son sedes, y las dem\u00e1s escuelas deben informar a su matr\u00edcula para que se acerquen a alguna instituci\u00f3n a anotarse\u201d.<\/p>\n<p>No obstante, Jensen destac\u00f3 que \u201cpor lo que se observa habr\u00e1 un aumento exponencial de la matr\u00edcula de las escuelas de verano\u2026 por los datos que venimos viendo, por ejemplo la Escuela N\u00ba 6 tendr\u00e1 100 alumnos participando, y la N\u00ba 28 m\u00e1s de 100 alumnos,\u00a0 e incluso, se pueden ir sumando chicos a medida que avanza el programa, no hay cierre de inscripci\u00f3n\u201d.<\/p>\n<p>En cuanto al objetivo del programa, manifest\u00f3 que \u201cla escuela de verano tiene una normativa recreativa pero tambi\u00e9n pedag\u00f3gica, su base es la Educaci\u00f3n F\u00edsica y como coordinadora este a\u00f1o fue elegida Vanesa Granero. La prioridad es la educaci\u00f3n f\u00edsica y art\u00edstica, se apunta mucho a lo l\u00fadico, funciona de 8 a 12 hs. y tendr\u00e1n desayuno reforzado y comedor\u201d.<\/p>\n<p>Respecto a esto \u00faltimo, se trata de un tema para nada menor, y Jensen coment\u00f3 con alegr\u00eda que \u201ctodas las sedes tendr\u00e1n comedor este a\u00f1o\u2026 ten\u00edan que presentar comedor o vianda, pero preferentemente comedor. Hab\u00eda algunas sedes sin comedor pero se reemplaza con vajillas prestadas de otras escuelas que este a\u00f1o no son sede y entonces todas las sedes tendr\u00e1n comedor\u201d.<\/p>\n<p>Adem\u00e1s, \u201ccon el municipio se hace el convenio del traslado al mar, es un tema costoso y lo paga la Municipalidad con el Fondo Educativo\u201d, concluy\u00f3 la presidenta del Consejo Escolar.<\/p>\n","protected":false},"excerpt":{"rendered":"<p>As\u00ed lo asegur\u00f3 la presidenta del Consejo Escolar de Necochea, Silvina Jensen, en referencia al programa en conjunto con la Provincia y el Municipio que contar\u00e1 con 22 sedes y se extender\u00e1 desde el 2 al 27 de enero. De visita a los estudios de \u201cVoces de la Ciudad\u201d, Silvina abord\u00f3 varios temas en la [&hellip;]<\/p>\n","protected":false},"author":3,"featured_media":96303,"comment_status":"closed","ping_status":"closed","sticky":false,"template":"","format":"standard","meta":{"footnotes":""},"categories":[3],"tags":[],"class_list":["post-96299","post","type-post","status-publish","format-standard","has-post-thumbnail","category-masnoticias"],"_links":{"self":[{"href":"https:\/\/primicias2262.com\/noticias\/wp-json\/wp\/v2\/posts\/96299","targetHints":{"allow":["GET"]}}],"collection":[{"href":"https:\/\/primicias2262.com\/noticias\/wp-json\/wp\/v2\/posts"}],"about":[{"href":"https:\/\/primicias2262.com\/noticias\/wp-json\/wp\/v2\/types\/post"}],"author":[{"embeddable":true,"href":"https:\/\/primicias2262.com\/noticias\/wp-json\/wp\/v2\/users\/3"}],"replies":[{"embeddable":true,"href":"https:\/\/primicias2262.com\/noticias\/wp-json\/wp\/v2\/comments?post=96299"}],"version-history":[{"count":0,"href":"https:\/\/primicias2262.com\/noticias\/wp-json\/wp\/v2\/posts\/96299\/revisions"}],"wp:attachment":[{"href":"https:\/\/primicias2262.com\/noticias\/wp-json\/wp\/v2\/media?parent=96299"}],"wp:term":[{"taxonomy":"category","embeddable":true,"href":"https:\/\/primicias2262.com\/noticias\/wp-json\/wp\/v2\/categories?post=96299"},{"taxonomy":"post_tag","embeddable":true,"href":"https:\/\/primicias2262.com\/noticias\/wp-json\/wp\/v2\/tags?post=96299"}],"curies":[{"name":"wp","href":"https:\/\/api.w.org\/{rel}","templated":true}]}}