{"id":96310,"date":"2022-12-27T14:55:20","date_gmt":"2022-12-27T17:55:20","guid":{"rendered":"https:\/\/primicias2262.com\/?p=96310"},"modified":"2022-12-27T14:55:20","modified_gmt":"2022-12-27T17:55:20","slug":"marcelo-schwarz-valoro-la-linea-argumental-solida-de-una-parte-de-la-oposicion","status":"publish","type":"post","link":"https:\/\/primicias2262.com\/noticias\/marcelo-schwarz-valoro-la-linea-argumental-solida-de-una-parte-de-la-oposicion\/","title":{"rendered":"Marcelo Schwarz valor\u00f3 la \u201cl\u00ednea argumental s\u00f3lida\u201d de una parte de la oposici\u00f3n"},"content":{"rendered":"<p><strong>Con buenos aires tras la sesi\u00f3n del lunes en el Honorable Concejo Deliberante, que arroj\u00f3 la aprobaci\u00f3n por mayor\u00eda del nuevo convenio con la empresa Relisa y del Presupuesto del Departamento Ejecutivo para 2023, el titular del bloque de Nueva Necochea, Marcelo Schwarz, destac\u00f3 la muy buena tarea parlamentaria en l\u00edneas generales del recinto que componen 20 ediles.<\/strong><\/p>\n<p>En di\u00e1logo con el periodista Jorge G\u00f3mez en \u201cVoces de la Ciudad\u201d, el concejal oficialista remarc\u00f3 primeramente que \u201ctodo el cuerpo deliberativo somos 20 concejales, y tanto aquellos que han acompa\u00f1ado, como con los cuales hemos tenido disidencias, han enriquecido el debate. Se tratan los temas con disidencias, en algunos puntos podemos ponernos de acuerdo y en otros lamentablemente no\u201d.<\/p>\n<p>Yendo m\u00e1s a lo puntual, se\u00f1al\u00f3 el edil que \u201ctenemos una parte opositora que respeto y valoro mucho, que profundiza los temas, discute, se planta y que si no tiene raz\u00f3n, trata de enriquecer los temas para salir adelante\u2026 y respeto cuando del otro lado hay una l\u00ednea argumental s\u00f3lida que nos permite a todos ayudar a pensar\u201d.<\/p>\n<p>M\u00e1s a\u00fan, Schwarz manifest\u00f3 que \u201ctanto Gonzalo Diez como Felicitas Cabret\u00f3n (ambos de la Uni\u00f3n C\u00edvica Radical) fueron muy cr\u00edticos\u2026 respeto sus posturas y disidencias aunque nosotros no compartamos, pero me gusta que ambos leyeron, estudiaron, participaron y conocen la tem\u00e1tica, con distintos enfoques, y me consta, y as\u00ed da gusto trabajar\u2026 te pongas o no de acuerdo, porque hay un interlocutor que tiene un conocimiento exhaustivo\u201d.<\/p>\n<p>Asimismo, se\u00f1al\u00f3 que \u201clos concejales del Frente de Todos tambi\u00e9n tuvieron su rico aporte\u2026 el Concejo fue intercambiando posturas y nadie del arco pol\u00edtico puede desconocer lo que ha venido pasando estos \u00faltimos 22 a\u00f1os con el tema de la recolecci\u00f3n de residuos\u201d.<\/p>\n<p>En cuanto al tema del Presupuesto, el concejal se\u00f1al\u00f3 que \u201ctuvo algunas observaciones e idas y vueltas y finalmente se pudo construir para que el Ejecutivo pueda administrar en 2023\u201d, y respecto al tema de la recolecci\u00f3n, Schwarz enfatiz\u00f3 que \u201cse trabaj\u00f3 en muchas comisiones el tema de la empresa de recolecci\u00f3n de residuos, a excepci\u00f3n de algunos pocos ediles, la gran mayor\u00eda se interes\u00f3 por la tem\u00e1tica, se enriqueci\u00f3 y debati\u00f3 a partir de la lectura de miles de fojas y de lo que aportaron los funcionarios, y se pudo debatir y aprobar un tema sustancial de cara a un futuro inminente\u201d.<\/p>\n<p>Al respecto, el presidente del bloque de Nueva Necochea destac\u00f3 el rol de Arturo Rojas: \u201cRescato el absoluto compromiso y la buena fe del intendente con su vocaci\u00f3n para darle soluci\u00f3n a un tema de fondo que lleva 22 a\u00f1os sin resolverse, y ahora ser\u00e1 obligatorio en t\u00e9rminos concretos el tema de la planta y estamos hablando de un antes y un despu\u00e9s y un cambio de paradigma\u201d, asegur\u00f3.<\/p>\n<p>Finalmente, Schwarz contextualiz\u00f3 que \u201cm\u00e1s del 50% de los municipios de la provincia est\u00e1n con esta problem\u00e1tica y se est\u00e1 trabajando, y el intendente Rojas desde que asumi\u00f3 le ha puesto los puntos a la empresa en el sentido de que le interesa la parte ambiental y se los dijo desde un primer momento. La deuda es sustancial, ha atravesado los gobiernos, hay juicios con sentencias firmes y con embargos que est\u00e1n en la mano del concesionario\u201d.<\/p>\n","protected":false},"excerpt":{"rendered":"<p>Con buenos aires tras la sesi\u00f3n del lunes en el Honorable Concejo Deliberante, que arroj\u00f3 la aprobaci\u00f3n por mayor\u00eda del nuevo convenio con la empresa Relisa y del Presupuesto del Departamento Ejecutivo para 2023, el titular del bloque de Nueva Necochea, Marcelo Schwarz, destac\u00f3 la muy buena tarea parlamentaria en l\u00edneas generales del recinto que [&hellip;]<\/p>\n","protected":false},"author":3,"featured_media":96301,"comment_status":"closed","ping_status":"closed","sticky":false,"template":"","format":"standard","meta":{"footnotes":""},"categories":[3],"tags":[],"class_list":["post-96310","post","type-post","status-publish","format-standard","has-post-thumbnail","category-masnoticias"],"_links":{"self":[{"href":"https:\/\/primicias2262.com\/noticias\/wp-json\/wp\/v2\/posts\/96310","targetHints":{"allow":["GET"]}}],"collection":[{"href":"https:\/\/primicias2262.com\/noticias\/wp-json\/wp\/v2\/posts"}],"about":[{"href":"https:\/\/primicias2262.com\/noticias\/wp-json\/wp\/v2\/types\/post"}],"author":[{"embeddable":true,"href":"https:\/\/primicias2262.com\/noticias\/wp-json\/wp\/v2\/users\/3"}],"replies":[{"embeddable":true,"href":"https:\/\/primicias2262.com\/noticias\/wp-json\/wp\/v2\/comments?post=96310"}],"version-history":[{"count":0,"href":"https:\/\/primicias2262.com\/noticias\/wp-json\/wp\/v2\/posts\/96310\/revisions"}],"wp:attachment":[{"href":"https:\/\/primicias2262.com\/noticias\/wp-json\/wp\/v2\/media?parent=96310"}],"wp:term":[{"taxonomy":"category","embeddable":true,"href":"https:\/\/primicias2262.com\/noticias\/wp-json\/wp\/v2\/categories?post=96310"},{"taxonomy":"post_tag","embeddable":true,"href":"https:\/\/primicias2262.com\/noticias\/wp-json\/wp\/v2\/tags?post=96310"}],"curies":[{"name":"wp","href":"https:\/\/api.w.org\/{rel}","templated":true}]}}