{"id":96312,"date":"2022-12-28T11:30:08","date_gmt":"2022-12-28T14:30:08","guid":{"rendered":"https:\/\/primicias2262.com\/?p=96312"},"modified":"2022-12-28T11:30:08","modified_gmt":"2022-12-28T14:30:08","slug":"la-cooperativa-esta-con-un-gran-problema-a-solucionar-pero-en-soledad-no-se-puede-hacer-nada","status":"publish","type":"post","link":"https:\/\/primicias2262.com\/noticias\/la-cooperativa-esta-con-un-gran-problema-a-solucionar-pero-en-soledad-no-se-puede-hacer-nada\/","title":{"rendered":"\u201cLa cooperativa est\u00e1 con un gran problema a solucionar, pero en soledad no se puede hacer nada\u201d"},"content":{"rendered":"<p><strong>As\u00ed lo afirm\u00f3 la presidenta del Consejo de Administraci\u00f3n de la Usina Popular Cooperativa, Pilar Vitale, luego de transcurridos dos meses de su desembarco a la presidencia con la mirada puesta hacia el a\u00f1o venidero. Lo hizo durante una visita a los estudios de \u201cVoces de la Ciudad\u201d, donde dialog\u00f3 con el periodista Jorge G\u00f3mez.<\/strong><\/p>\n<p>Desde su reciente llegada, Vitale se\u00f1al\u00f3 que \u201cya ha habido muchos cambios, se nota la mano distinta, sin hablar mal de la expresidenta, que ahora es presidenta de la Fundaci\u00f3n y lo hace muy bien (en referencia a Marta Guariglia)\u201d, pero s\u00ed remarcando que \u201cpobre Marta\u2026 no supo qu\u00e9 hacer con el Concejo, lo hered\u00f3 de una forma brutal tras el fallecimiento de Antonio Vilchez y ella estaba con la Fundaci\u00f3n. En cambio yo gan\u00e9 la presidencia con un trabajo de 12 a\u00f1os y hay que tomar muchas decisiones\u201d.<\/p>\n<p>En ese sentido, reafirm\u00f3 que \u201csiempre digo que hay que trabajar en equipo, dialogando entre todos, ya que la cooperativa est\u00e1 con un gran problema y hay que solucionarlo, pero en soledad no se puede hacer nada. La deuda de las cooperativas de la provincia es grande y no tenemos aumento de las tarifas\u201d.<\/p>\n<p>Por ello, Vitale se dirigi\u00f3 enf\u00e1ticamente a los usuarios de la ciudad. \u201cLe pido al usuario que abone, ya pas\u00f3 la pandemia y la cooperativa tiene que recaudar la plata que est\u00e1 en la calle\u201d, y ampli\u00f3 que \u201cla persona que sabe que debe que venga a la Usina, es preferible buscarle la vuelta juntos a que llegue la carta documento. Hay gente que no podr\u00e1 pagar porque se le hizo una suma muy importante, pero somos una cooperativa y hay formas de pago. S\u00e9 que tenemos que recaudar, es inevitable, hay que acomodar la instituci\u00f3n y salvarla\u201d.<\/p>\n<p>Por otra parte, Pilar manifest\u00f3 que \u201chemos hecho unas subas en el valor de los asociados a los servicios sociales y se va a empezar a notar a partir de febrero. Son muy buenos servicios y no pretendemos que den ganancia, pero s\u00ed que se recomponga el d\u00e9ficit que est\u00e1n dando\u201d.<\/p>\n<p>Para el cierre, inform\u00f3 que el tema de la repotenciaci\u00f3n energ\u00e9tica \u201cest\u00e1 en camino\u201d, sobre lo que ejemplific\u00f3 que \u201chay que arrancar por zonas, si ten\u00e9s 10 focos de fuego, apag\u00e1 el primero, porque todos de una no los apag\u00e1s. Hay que tener paciencia, para todo necesit\u00e1s plata\u201d, y valor\u00f3 que \u201cestamos trabajando en conjunto las tres patas: el Consejo de la UPC, el Sindicato Luz y Fuerza con Alejandro N\u00fa\u00f1ez y la Municipalidad con el intendente Arturo Rojas. Todas las cosas salen habladas con el Ejecutivo municipal\u201d.<\/p>\n","protected":false},"excerpt":{"rendered":"<p>As\u00ed lo afirm\u00f3 la presidenta del Consejo de Administraci\u00f3n de la Usina Popular Cooperativa, Pilar Vitale, luego de transcurridos dos meses de su desembarco a la presidencia con la mirada puesta hacia el a\u00f1o venidero. Lo hizo durante una visita a los estudios de \u201cVoces de la Ciudad\u201d, donde dialog\u00f3 con el periodista Jorge G\u00f3mez. [&hellip;]<\/p>\n","protected":false},"author":3,"featured_media":96302,"comment_status":"closed","ping_status":"closed","sticky":false,"template":"","format":"standard","meta":{"footnotes":""},"categories":[3],"tags":[],"class_list":["post-96312","post","type-post","status-publish","format-standard","has-post-thumbnail","category-masnoticias"],"_links":{"self":[{"href":"https:\/\/primicias2262.com\/noticias\/wp-json\/wp\/v2\/posts\/96312","targetHints":{"allow":["GET"]}}],"collection":[{"href":"https:\/\/primicias2262.com\/noticias\/wp-json\/wp\/v2\/posts"}],"about":[{"href":"https:\/\/primicias2262.com\/noticias\/wp-json\/wp\/v2\/types\/post"}],"author":[{"embeddable":true,"href":"https:\/\/primicias2262.com\/noticias\/wp-json\/wp\/v2\/users\/3"}],"replies":[{"embeddable":true,"href":"https:\/\/primicias2262.com\/noticias\/wp-json\/wp\/v2\/comments?post=96312"}],"version-history":[{"count":0,"href":"https:\/\/primicias2262.com\/noticias\/wp-json\/wp\/v2\/posts\/96312\/revisions"}],"wp:attachment":[{"href":"https:\/\/primicias2262.com\/noticias\/wp-json\/wp\/v2\/media?parent=96312"}],"wp:term":[{"taxonomy":"category","embeddable":true,"href":"https:\/\/primicias2262.com\/noticias\/wp-json\/wp\/v2\/categories?post=96312"},{"taxonomy":"post_tag","embeddable":true,"href":"https:\/\/primicias2262.com\/noticias\/wp-json\/wp\/v2\/tags?post=96312"}],"curies":[{"name":"wp","href":"https:\/\/api.w.org\/{rel}","templated":true}]}}