{"id":96320,"date":"2022-12-28T11:07:05","date_gmt":"2022-12-28T14:07:05","guid":{"rendered":"https:\/\/primicias2262.com\/?p=96320"},"modified":"2022-12-28T11:07:05","modified_gmt":"2022-12-28T14:07:05","slug":"la-iglesia-de-lourdes-celebro-sus-65-anos-en-la-villa-balnearia-de-necochea","status":"publish","type":"post","link":"https:\/\/primicias2262.com\/noticias\/la-iglesia-de-lourdes-celebro-sus-65-anos-en-la-villa-balnearia-de-necochea\/","title":{"rendered":"La Iglesia de Lourdes celebr\u00f3 sus 65 a\u00f1os en la Villa Balnearia de Necochea"},"content":{"rendered":"<p><strong>Bajo el lema \u201cEs justo que haya fiesta y alegr\u00eda\u201d (Lucas 15. 32), la parroquia de Lourdes celebr\u00f3 el lunes 26 de diciembre, su 65\u00b0 aniversario con una misa presidida por su p\u00e1rroco, el p. Alejandro Mart\u00ednez, y concelebrada por quien fuera el segundo p\u00e1rroco de la comunidad, el p. Justino Fern\u00e1ndez, ambos acompa\u00f1ados por Fernando Roca, quien es candidato al Diaconado Permanente.\u00a0<\/strong><\/p>\n<p>En este d\u00eda de fiesta para la iglesia cat\u00f3lica situada en el coraz\u00f3n de la villa balnearia de nuestra ciudad, el obispo diocesano, Mons. Mestre, se hizo presente a trav\u00e9s de un saludo en el que manifestaba su alegr\u00eda diciendo: \u201cQu\u00e9 lindo que con memoria agradecida puedan celebrar y pedir la fuerza al Se\u00f1or y la intercesi\u00f3n a la Virgen para continuar adelante\u201d, mientras cerraba con su bendici\u00f3n.<\/p>\n<p>En tanto que el padre Alejandro, a quien le toca actualmente dirigir la grey cat\u00f3lica en esa zona particular, afirm\u00f3 que celebrar este d\u00eda era \u201ccelebrar la vida de cada uno de nosotros: los que ya partieron y est\u00e1n gozando de la presencia de Dios, los que estamos transitando y los que vendr\u00e1n\u201d porque, para Mart\u00ednez, celebrar los 65 a\u00f1os de la Iglesia es celebrar, no lo material o estructural sino que, \u201cel templo representa lo que cobija, lo que contiene, y contiene la vida de un mont\u00f3n de hermanos y hermanas que a lo largo de estos a\u00f1os pudieron encontrarse a escuchar a Dios, encontrarse con los hermanos y descubrir la misi\u00f3n que Dios les ped\u00eda al servicio del m\u00e1s necesitado\u201d, asegur\u00f3.<\/p>\n\n<p>Mart\u00ednez es el cuarto p\u00e1rroco y est\u00e1 por cumplir cinco a\u00f1os al frente de la parroquia de Lourdes, por lo que record\u00f3 que cuando lleg\u00f3: \u201cEl Esp\u00edritu Santo estaba y alg\u00fan d\u00eda tendr\u00e9 que partir a otra misi\u00f3n y el Esp\u00edritu Santo seguir\u00e1 estando. Entonces, lo que yo tengo que preocuparme, mientras est\u00e9 como animador, coordinador, como padre y hermano, es que el Esp\u00edritu Santo siga habl\u00e1ndonos y empuj\u00e1ndonos para que anunciemos esta Buena Noticia, Jesucristo el Se\u00f1or, a los hermanos m\u00e1s necesitados\u201d.<\/p>\n<p><a href=\"https:\/\/primicias2262.com\/wp-content\/uploads\/2022\/12\/IMG-20221227-WA0111.jpg\"><img loading=\"lazy\" decoding=\"async\" class=\"alignleft size-medium wp-image-96321\" src=\"https:\/\/primicias2262.com\/wp-content\/uploads\/2022\/12\/IMG-20221227-WA0111-225x300.jpg\" alt=\"\" width=\"225\" height=\"300\" \/><\/a><\/p>\n<p>Cabe destacar que estos \u00faltimos a\u00f1os la parroquia volc\u00f3 su tarea pastoral a lo social, donde ha visto florecer un comedor que funciona todos los d\u00edas para personas en situaci\u00f3n de calle, llevando por nombre \u201cEl taca\u201d, quien fuera uno de los hombres que fue acompa\u00f1ado en sus \u00faltimos a\u00f1os de vida, brind\u00e1ndole un techo, salud, contenci\u00f3n y comida.<\/p>\n<p>Asimismo, la Gruta de Lourdes, que lleva por nombre \u201cPaseo y Espacio de Oraci\u00f3n y Encuentro\u201d, se encuentra en uno de los laterales linderos al templo parroquial y fue realizado en conmemoraci\u00f3n de \u201cCarlitos\u201d, con una historia similar al anterior, que marc\u00f3 profundamente la historia de la comunidad parroquial.<\/p>\n<p>&nbsp;<\/p>\n","protected":false},"excerpt":{"rendered":"<p>Bajo el lema \u201cEs justo que haya fiesta y alegr\u00eda\u201d (Lucas 15. 32), la parroquia de Lourdes celebr\u00f3 el lunes 26 de diciembre, su 65\u00b0 aniversario con una misa presidida por su p\u00e1rroco, el p. Alejandro Mart\u00ednez, y concelebrada por quien fuera el segundo p\u00e1rroco de la comunidad, el p. Justino Fern\u00e1ndez, ambos acompa\u00f1ados por [&hellip;]<\/p>\n","protected":false},"author":3,"featured_media":96323,"comment_status":"closed","ping_status":"closed","sticky":false,"template":"","format":"standard","meta":{"footnotes":""},"categories":[3],"tags":[],"class_list":["post-96320","post","type-post","status-publish","format-standard","has-post-thumbnail","category-masnoticias"],"_links":{"self":[{"href":"https:\/\/primicias2262.com\/noticias\/wp-json\/wp\/v2\/posts\/96320","targetHints":{"allow":["GET"]}}],"collection":[{"href":"https:\/\/primicias2262.com\/noticias\/wp-json\/wp\/v2\/posts"}],"about":[{"href":"https:\/\/primicias2262.com\/noticias\/wp-json\/wp\/v2\/types\/post"}],"author":[{"embeddable":true,"href":"https:\/\/primicias2262.com\/noticias\/wp-json\/wp\/v2\/users\/3"}],"replies":[{"embeddable":true,"href":"https:\/\/primicias2262.com\/noticias\/wp-json\/wp\/v2\/comments?post=96320"}],"version-history":[{"count":0,"href":"https:\/\/primicias2262.com\/noticias\/wp-json\/wp\/v2\/posts\/96320\/revisions"}],"wp:attachment":[{"href":"https:\/\/primicias2262.com\/noticias\/wp-json\/wp\/v2\/media?parent=96320"}],"wp:term":[{"taxonomy":"category","embeddable":true,"href":"https:\/\/primicias2262.com\/noticias\/wp-json\/wp\/v2\/categories?post=96320"},{"taxonomy":"post_tag","embeddable":true,"href":"https:\/\/primicias2262.com\/noticias\/wp-json\/wp\/v2\/tags?post=96320"}],"curies":[{"name":"wp","href":"https:\/\/api.w.org\/{rel}","templated":true}]}}