{"id":96339,"date":"2022-12-28T14:15:53","date_gmt":"2022-12-28T17:15:53","guid":{"rendered":"https:\/\/primicias2262.com\/?p=96339"},"modified":"2022-12-28T14:15:53","modified_gmt":"2022-12-28T17:15:53","slug":"este-viernes-se-realizara-el-concierto-de-ano-nuevo-en-la-plaza-del-centro","status":"publish","type":"post","link":"https:\/\/primicias2262.com\/noticias\/este-viernes-se-realizara-el-concierto-de-ano-nuevo-en-la-plaza-del-centro\/","title":{"rendered":"Este viernes se realizar\u00e1 el Concierto de A\u00f1o Nuevo en la plaza del centro"},"content":{"rendered":"<div class=\"wp-block-media-text is-stacked-on-mobile is-vertically-aligned-top\">\n<div class=\"wp-block-media-text__content\">\n<p><strong>Obligada su suspensi\u00f3n por una alerta meteorol\u00f3gica que amenazaba al distrito, el Concierto Navide\u00f1o que estaba previsto realizarse en las v\u00edsperas de Noche Buena en la Plaza Dardo Rocha se reconvirti\u00f3 y tomar\u00e1 forma de evento cultural para despedir al a\u00f1o que se va y recibir con mucha m\u00fasica y alegr\u00eda al 2023.<\/strong><\/p>\n<p>En ese contexto, en la noche de este viernes 30 de diciembre se realizar\u00e1 en un escenario montado bajo el m\u00e1stil central, frente a las puertas del Palacio municipal, el Concierto de A\u00f1o Nuevo, que nuclear\u00e1 la actuaci\u00f3n de numerosos y reconocidos artistas locales con la excusa de empezar a transitar esta nueva etapa que comienza celebrando junto a la comunidad.<\/p>\n<p>En cuanto a los espect\u00e1culos, la cartelera permanecer\u00e1 intacta con respecto a lo anunciado anteriormente. Desde las 20:30, se subir\u00e1 a las tablas el cantante Jos\u00e9 Luis Rodr\u00edguez para inaugurar el evento. Luego, a las 21 ser\u00e1 el momento del tenor Carlos Demian Paludi, quien cerrar\u00e1 las presentaciones solistas para dar paso a las bandas.<\/p>\n<\/div>\n<\/div>\n<p>As\u00ed, Clavija Sachera pisar\u00e1 el escenario a las 21:15, La Clave har\u00e1 lo propio cerca de las 21:45 y ser\u00e1n Los Borbotones quienes est\u00e9n a cargo de poner punto final a la actividad, desde las 22:15.<\/p>\n<p>Como ocurri\u00f3 la semana pasada, la Direcci\u00f3n de Cultura, \u00e1rea organizadora de este evento gratuito y abierto a la comunidad, invit\u00f3 todas las familias del distrito a acercarse hasta el c\u00e9ntrico espacio p\u00fablico para compartir un momento de alegr\u00eda.<\/p>\n<p>\u201cQue los vecinos y las vecinas vengan con su manta, su reposera o su silla, para poder estar c\u00f3modos y disfrutar de los espect\u00e1culos\u201d, volvi\u00f3 a se\u00f1alar el titular de la dependencia, Juan Gamba.<\/p>\n","protected":false},"excerpt":{"rendered":"<p>Obligada su suspensi\u00f3n por una alerta meteorol\u00f3gica que amenazaba al distrito, el Concierto Navide\u00f1o que estaba previsto realizarse en las v\u00edsperas de Noche Buena en la Plaza Dardo Rocha se reconvirti\u00f3 y tomar\u00e1 forma de evento cultural para despedir al a\u00f1o que se va y recibir con mucha m\u00fasica y alegr\u00eda al 2023. En ese [&hellip;]<\/p>\n","protected":false},"author":3,"featured_media":96340,"comment_status":"closed","ping_status":"closed","sticky":false,"template":"","format":"standard","meta":{"footnotes":""},"categories":[3],"tags":[],"class_list":["post-96339","post","type-post","status-publish","format-standard","has-post-thumbnail","category-masnoticias"],"_links":{"self":[{"href":"https:\/\/primicias2262.com\/noticias\/wp-json\/wp\/v2\/posts\/96339","targetHints":{"allow":["GET"]}}],"collection":[{"href":"https:\/\/primicias2262.com\/noticias\/wp-json\/wp\/v2\/posts"}],"about":[{"href":"https:\/\/primicias2262.com\/noticias\/wp-json\/wp\/v2\/types\/post"}],"author":[{"embeddable":true,"href":"https:\/\/primicias2262.com\/noticias\/wp-json\/wp\/v2\/users\/3"}],"replies":[{"embeddable":true,"href":"https:\/\/primicias2262.com\/noticias\/wp-json\/wp\/v2\/comments?post=96339"}],"version-history":[{"count":0,"href":"https:\/\/primicias2262.com\/noticias\/wp-json\/wp\/v2\/posts\/96339\/revisions"}],"wp:attachment":[{"href":"https:\/\/primicias2262.com\/noticias\/wp-json\/wp\/v2\/media?parent=96339"}],"wp:term":[{"taxonomy":"category","embeddable":true,"href":"https:\/\/primicias2262.com\/noticias\/wp-json\/wp\/v2\/categories?post=96339"},{"taxonomy":"post_tag","embeddable":true,"href":"https:\/\/primicias2262.com\/noticias\/wp-json\/wp\/v2\/tags?post=96339"}],"curies":[{"name":"wp","href":"https:\/\/api.w.org\/{rel}","templated":true}]}}