{"id":96342,"date":"2022-12-29T14:08:59","date_gmt":"2022-12-29T17:08:59","guid":{"rendered":"https:\/\/primicias2262.com\/?p=96342"},"modified":"2022-12-29T14:08:59","modified_gmt":"2022-12-29T17:08:59","slug":"el-aumento-en-la-tarifa-del-transporte-publico-entra-en-vigencia-este-1o-de-enero","status":"publish","type":"post","link":"https:\/\/primicias2262.com\/noticias\/el-aumento-en-la-tarifa-del-transporte-publico-entra-en-vigencia-este-1o-de-enero\/","title":{"rendered":"El aumento en la tarifa del transporte p\u00fablico entra en vigencia este 1\u00ba de enero"},"content":{"rendered":"<p>La Direcci\u00f3n General de Transporte informa que a partir del 1\u00ba de enero, desde la hora 0, comenzar\u00e1 a regir el aumento de tarifa aprobado por el Honorable Concejo Deliberante mediante la ordenanza 3292\/22 sancionada el pasado 6 de octubre.<\/p>\n<p>En este marco, la tarifa plana pasar\u00e1 a costar 125$, la tarifa social ser\u00e1 de 56.25$ y el Boleto Obrero valdr\u00e1 100$.<\/p>\n<p>De esta manera, tanto la Compa\u00f1\u00eda de Transportes Necochea SA como Micro \u00d3mnibus Nueva Pompeya SRL, ambas prestatarias del servicio en la ciudad, ya podr\u00e1n hacer uso del incremento a partir del domingo.<\/p>\n","protected":false},"excerpt":{"rendered":"<p>La Direcci\u00f3n General de Transporte informa que a partir del 1\u00ba de enero, desde la hora 0, comenzar\u00e1 a regir el aumento de tarifa aprobado por el Honorable Concejo Deliberante mediante la ordenanza 3292\/22 sancionada el pasado 6 de octubre. En este marco, la tarifa plana pasar\u00e1 a costar 125$, la tarifa social ser\u00e1 de [&hellip;]<\/p>\n","protected":false},"author":3,"featured_media":76983,"comment_status":"closed","ping_status":"closed","sticky":false,"template":"","format":"standard","meta":{"footnotes":""},"categories":[3],"tags":[],"class_list":["post-96342","post","type-post","status-publish","format-standard","has-post-thumbnail","category-masnoticias"],"_links":{"self":[{"href":"https:\/\/primicias2262.com\/noticias\/wp-json\/wp\/v2\/posts\/96342","targetHints":{"allow":["GET"]}}],"collection":[{"href":"https:\/\/primicias2262.com\/noticias\/wp-json\/wp\/v2\/posts"}],"about":[{"href":"https:\/\/primicias2262.com\/noticias\/wp-json\/wp\/v2\/types\/post"}],"author":[{"embeddable":true,"href":"https:\/\/primicias2262.com\/noticias\/wp-json\/wp\/v2\/users\/3"}],"replies":[{"embeddable":true,"href":"https:\/\/primicias2262.com\/noticias\/wp-json\/wp\/v2\/comments?post=96342"}],"version-history":[{"count":0,"href":"https:\/\/primicias2262.com\/noticias\/wp-json\/wp\/v2\/posts\/96342\/revisions"}],"wp:attachment":[{"href":"https:\/\/primicias2262.com\/noticias\/wp-json\/wp\/v2\/media?parent=96342"}],"wp:term":[{"taxonomy":"category","embeddable":true,"href":"https:\/\/primicias2262.com\/noticias\/wp-json\/wp\/v2\/categories?post=96342"},{"taxonomy":"post_tag","embeddable":true,"href":"https:\/\/primicias2262.com\/noticias\/wp-json\/wp\/v2\/tags?post=96342"}],"curies":[{"name":"wp","href":"https:\/\/api.w.org\/{rel}","templated":true}]}}