{"id":96344,"date":"2022-12-29T14:18:58","date_gmt":"2022-12-29T17:18:58","guid":{"rendered":"https:\/\/primicias2262.com\/?p=96344"},"modified":"2022-12-29T14:18:58","modified_gmt":"2022-12-29T17:18:58","slug":"llegaron-mas-refuerzos-por-el-operativo-sol-y-son-180-en-total-los-efectivos-que-se-suman","status":"publish","type":"post","link":"https:\/\/primicias2262.com\/noticias\/llegaron-mas-refuerzos-por-el-operativo-sol-y-son-180-en-total-los-efectivos-que-se-suman\/","title":{"rendered":"Llegaron m\u00e1s refuerzos por el Operativo Sol y son 180 en total los efectivos que se suman"},"content":{"rendered":"<p style=\"font-weight: 400;\"><strong>A los 100 agentes de Caballer\u00eda que hab\u00edan arribado a inicios de semana, en las \u00faltimas horas se sumaron otros 80 polic\u00edas, en el marco del refuerzo de temporada por el Operativo Sol.<\/strong><\/p>\n<p style=\"font-weight: 400;\">A ello se refiri\u00f3 el director de Pol\u00edticas de Seguridad del municipio, \u00c1ngel V\u00e1zquez, quien durante una nota realizada por el periodista Jorge G\u00f3mez en \u201cVoces de la Ciudad\u201d comunic\u00f3 que \u201cAyer llegaron 80 efectivos m\u00e1s para seguridad y en consecuencia el refuerzo por el operativo Sol es de unos 180 efectivos, 20 m\u00e1s de los que preve\u00edamos\u201d.<\/p>\n<p style=\"font-weight: 400;\">\u00a0Previo a esta tanda de 80 efectivos, se recuerda que hab\u00eda llegado Caballer\u00eda con 100 agentes que ya est\u00e1n trabajando. \u201cHay una disposici\u00f3n que ha hecho la Jefatura Departamental para implementar las recorridas\u201d, se\u00f1al\u00f3 V\u00e1zquez a la pasada, y revel\u00f3 que \u201chan llegado m\u00f3viles tambi\u00e9n, estuve hablando con el jefe del Comando y tienen entre 8 y 10 patrulleros a los que le est\u00e1n reacondicionando algunos detalles de frecuencia y ya estar\u00edan\u201d.<\/p>\n<p><a href=\"https:\/\/primicias2262.com\/wp-content\/uploads\/2022\/12\/FOTO-Caballeria-Operativo-Sol-Efectivos-02.jpeg\"><img loading=\"lazy\" decoding=\"async\" class=\"aligncenter size-large wp-image-96346\" src=\"https:\/\/primicias2262.com\/wp-content\/uploads\/2022\/12\/FOTO-Caballeria-Operativo-Sol-Efectivos-02-1024x682.jpeg\" alt=\"\" width=\"696\" height=\"464\" \/><\/a><\/p>\n<p style=\"font-weight: 400;\">El funcionario destac\u00f3 que el personal y el equipamiento que ha llegado est\u00e1 dentro del rango de lo que se pretend\u00eda, pero ampli\u00f3 que \u201cesperamos que vengan algunos elementos m\u00e1s, en di\u00e1logo con el Jefe Departamental trascendi\u00f3 que es posible que venga una garita m\u00f3vil para instalar en alg\u00fan lugar que se necesite\u201d.<\/p>\n<p style=\"font-weight: 400;\">Finalmente, aclar\u00f3 que el refuerzo del Operativo Sol llega para las playas de Necochea y Quequ\u00e9n, pero no se descuidar\u00e1 la zona c\u00e9ntrica de la ciudad. \u201cEl centro viejo tambi\u00e9n tiene que estar controlado y los d\u00edas que no est\u00e1 para la playa hay una concentraci\u00f3n importante de gente en el centro, y tambi\u00e9n hay una diagramaci\u00f3n en ese sentido\u201d.<\/p>\n","protected":false},"excerpt":{"rendered":"<p>A los 100 agentes de Caballer\u00eda que hab\u00edan arribado a inicios de semana, en las \u00faltimas horas se sumaron otros 80 polic\u00edas, en el marco del refuerzo de temporada por el Operativo Sol. A ello se refiri\u00f3 el director de Pol\u00edticas de Seguridad del municipio, \u00c1ngel V\u00e1zquez, quien durante una nota realizada por el periodista [&hellip;]<\/p>\n","protected":false},"author":3,"featured_media":96345,"comment_status":"closed","ping_status":"closed","sticky":false,"template":"","format":"standard","meta":{"footnotes":""},"categories":[3],"tags":[],"class_list":["post-96344","post","type-post","status-publish","format-standard","has-post-thumbnail","category-masnoticias"],"_links":{"self":[{"href":"https:\/\/primicias2262.com\/noticias\/wp-json\/wp\/v2\/posts\/96344","targetHints":{"allow":["GET"]}}],"collection":[{"href":"https:\/\/primicias2262.com\/noticias\/wp-json\/wp\/v2\/posts"}],"about":[{"href":"https:\/\/primicias2262.com\/noticias\/wp-json\/wp\/v2\/types\/post"}],"author":[{"embeddable":true,"href":"https:\/\/primicias2262.com\/noticias\/wp-json\/wp\/v2\/users\/3"}],"replies":[{"embeddable":true,"href":"https:\/\/primicias2262.com\/noticias\/wp-json\/wp\/v2\/comments?post=96344"}],"version-history":[{"count":0,"href":"https:\/\/primicias2262.com\/noticias\/wp-json\/wp\/v2\/posts\/96344\/revisions"}],"wp:attachment":[{"href":"https:\/\/primicias2262.com\/noticias\/wp-json\/wp\/v2\/media?parent=96344"}],"wp:term":[{"taxonomy":"category","embeddable":true,"href":"https:\/\/primicias2262.com\/noticias\/wp-json\/wp\/v2\/categories?post=96344"},{"taxonomy":"post_tag","embeddable":true,"href":"https:\/\/primicias2262.com\/noticias\/wp-json\/wp\/v2\/tags?post=96344"}],"curies":[{"name":"wp","href":"https:\/\/api.w.org\/{rel}","templated":true}]}}