{"id":96348,"date":"2022-12-29T14:27:21","date_gmt":"2022-12-29T17:27:21","guid":{"rendered":"https:\/\/primicias2262.com\/?p=96348"},"modified":"2022-12-29T14:27:21","modified_gmt":"2022-12-29T17:27:21","slug":"la-biblioteca-popular-estara-cerrada-en-enero-pero-llega-el-bibliomovil-de-conabip","status":"publish","type":"post","link":"https:\/\/primicias2262.com\/noticias\/la-biblioteca-popular-estara-cerrada-en-enero-pero-llega-el-bibliomovil-de-conabip\/","title":{"rendered":"La Biblioteca Popular estar\u00e1 cerrada en enero pero llega el Bibliom\u00f3vil de Conabip"},"content":{"rendered":"<p style=\"font-weight: 400;\"><strong>As\u00ed lo confirm\u00f3 en \u201cVoces de la Ciudad\u201d el presidente del Centro Cultural de Necochea &#8211; Biblioteca Popular \u201cAndr\u00e9s Ferreyra\u201d, Juan Marraro, durante una nota realizada en estudios por el periodista Jorge G\u00f3mez.<\/strong><\/p>\n<p style=\"font-weight: 400;\">Primeramente, el Dr. Marraro anticip\u00f3 que \u201cen enero la Biblioteca estar\u00e1 cerrada y se pide a los lectores que vayan a retirar hasta cuatro libros ahora\u2026 hay muchos lectores y hay gente que no le alcanzan cuatro libros por semana, per que hay que ir r\u00e1pido porque vuelan los libros, tenemos casi 60 mil pero vuelan\u201d, y asegur\u00f3 que las personas lectoras son de todas las edades: \u201cHay mayores, adolescentes y chicos muy chicos que van por semana a buscar dos o tres libros, nos desaf\u00edan a tener el material muy actualizado\u201d.<\/p>\n<p style=\"font-weight: 400;\">Por consiguiente, como se estila anualmente en la instituci\u00f3n anunci\u00f3 que \u201ca partir del lunes 2 de enero se concentran todas las vacaciones del personal para simplificar la operatoria del resto del a\u00f1o\u201d, pero asegur\u00f3 que \u201cno es que no se trabaja, sino que hay movimiento y la novedad es que probablemente antes de fin de a\u00f1o recibamos el Bibliom\u00f3vil de Conabip, en el marco del Plan \u201cKil\u00f3metros de Libros\u201d.<\/p>\n<p style=\"font-weight: 400;\">\u201cLega esta semana para quedarse todo el verano, hasta marzo inclusive, andar\u00e1 por todos lados y en el interior del distrito\u201d, anticip\u00f3 Marraro, para luego confirmar que \u201cel lunes 30 de enero retomaremos actividades normales de la instituci\u00f3n\u201d.<\/p>\n<p style=\"font-weight: 400;\">En cuanto a los n\u00fameros de la instituci\u00f3n, Marraro expres\u00f3 con entusiasmo que \u201cpor segundo a\u00f1o consecutivo tuvimos un super\u00e1vit t\u00e9cnico, no estamos endeudados ni debemos nada, hemos logrado equilibrar la instituci\u00f3n hace unos a\u00f1os con una gesti\u00f3n muy austera\u201d. Actualmente, la cuota social de escolares y estudiantes est\u00e1 a 300 pesos y para el socio activo a 500 pesos.<\/p>\n<p style=\"font-weight: 400;\">Finalmente, Marraro adelant\u00f3 que \u201cel a\u00f1o que viene habr\u00e1 actividades en torno al 50\u00ba Aniversario del edificio propio del Centro Cultural, en calle 54 entre 61 y 63\u201d.<\/p>\n","protected":false},"excerpt":{"rendered":"<p>As\u00ed lo confirm\u00f3 en \u201cVoces de la Ciudad\u201d el presidente del Centro Cultural de Necochea &#8211; Biblioteca Popular \u201cAndr\u00e9s Ferreyra\u201d, Juan Marraro, durante una nota realizada en estudios por el periodista Jorge G\u00f3mez. Primeramente, el Dr. Marraro anticip\u00f3 que \u201cen enero la Biblioteca estar\u00e1 cerrada y se pide a los lectores que vayan a retirar [&hellip;]<\/p>\n","protected":false},"author":3,"featured_media":96350,"comment_status":"closed","ping_status":"closed","sticky":false,"template":"","format":"standard","meta":{"footnotes":""},"categories":[3],"tags":[],"class_list":["post-96348","post","type-post","status-publish","format-standard","has-post-thumbnail","category-masnoticias"],"_links":{"self":[{"href":"https:\/\/primicias2262.com\/noticias\/wp-json\/wp\/v2\/posts\/96348","targetHints":{"allow":["GET"]}}],"collection":[{"href":"https:\/\/primicias2262.com\/noticias\/wp-json\/wp\/v2\/posts"}],"about":[{"href":"https:\/\/primicias2262.com\/noticias\/wp-json\/wp\/v2\/types\/post"}],"author":[{"embeddable":true,"href":"https:\/\/primicias2262.com\/noticias\/wp-json\/wp\/v2\/users\/3"}],"replies":[{"embeddable":true,"href":"https:\/\/primicias2262.com\/noticias\/wp-json\/wp\/v2\/comments?post=96348"}],"version-history":[{"count":0,"href":"https:\/\/primicias2262.com\/noticias\/wp-json\/wp\/v2\/posts\/96348\/revisions"}],"wp:attachment":[{"href":"https:\/\/primicias2262.com\/noticias\/wp-json\/wp\/v2\/media?parent=96348"}],"wp:term":[{"taxonomy":"category","embeddable":true,"href":"https:\/\/primicias2262.com\/noticias\/wp-json\/wp\/v2\/categories?post=96348"},{"taxonomy":"post_tag","embeddable":true,"href":"https:\/\/primicias2262.com\/noticias\/wp-json\/wp\/v2\/tags?post=96348"}],"curies":[{"name":"wp","href":"https:\/\/api.w.org\/{rel}","templated":true}]}}