{"id":96363,"date":"2022-12-29T15:33:20","date_gmt":"2022-12-29T18:33:20","guid":{"rendered":"https:\/\/primicias2262.com\/?p=96363"},"modified":"2022-12-29T15:33:20","modified_gmt":"2022-12-29T18:33:20","slug":"a-partir-de-enero-jorge-martinez-retorna-a-la-secretaria-de-gobierno","status":"publish","type":"post","link":"https:\/\/primicias2262.com\/noticias\/a-partir-de-enero-jorge-martinez-retorna-a-la-secretaria-de-gobierno\/","title":{"rendered":"A partir de enero Jorge Mart\u00ednez retorna a la Secretar\u00eda de Gobierno"},"content":{"rendered":"<p><strong>En reemplazo de Gabriela G\u00f3ngora, la actual titular del \u00e1rea, el ahora edil en licencia entrar\u00e1 en funciones a partir de enero de 2023.<\/strong><\/p>\n<p>M\u00e1s que agradecido por su desempe\u00f1o al frente de esta importante dependencia, pasado el mediod\u00eda de este jueves el intendente Arturo Rojas recibi\u00f3 en su despacho a Gabriela G\u00f3ngora, quien dejar\u00e1 el cargo de titular en la Secretar\u00eda de Gobierno para pasar la posta a Jorge Mart\u00ednez.<\/p>\n<p>Para consolidar esta medida que ya estaba pautada de antemano y no tiene que ver con el propio funcionamiento del espacio, durante la reuni\u00f3n el mandatario local plante\u00f3 la continuidad de las acciones que se han venido implementando durante el \u00faltimo a\u00f1o, a la que se buscar\u00e1 imprimir la impronta del actual concejal.<\/p>\n<p>El Intendente reconoci\u00f3 la labor de la funcionaria, con quien comparte militancia pol\u00edtica desde sus juventudes, ratificando que Gabriela G\u00f3ngora forma parte del espacio pol\u00edtico Nueva Necochea y que continuar\u00e1 trabajando con la actual administraci\u00f3n comunal.<\/p>\n","protected":false},"excerpt":{"rendered":"<p>En reemplazo de Gabriela G\u00f3ngora, la actual titular del \u00e1rea, el ahora edil en licencia entrar\u00e1 en funciones a partir de enero de 2023. M\u00e1s que agradecido por su desempe\u00f1o al frente de esta importante dependencia, pasado el mediod\u00eda de este jueves el intendente Arturo Rojas recibi\u00f3 en su despacho a Gabriela G\u00f3ngora, quien dejar\u00e1 [&hellip;]<\/p>\n","protected":false},"author":3,"featured_media":96364,"comment_status":"closed","ping_status":"closed","sticky":false,"template":"","format":"standard","meta":{"footnotes":""},"categories":[3],"tags":[],"class_list":["post-96363","post","type-post","status-publish","format-standard","has-post-thumbnail","category-masnoticias"],"_links":{"self":[{"href":"https:\/\/primicias2262.com\/noticias\/wp-json\/wp\/v2\/posts\/96363","targetHints":{"allow":["GET"]}}],"collection":[{"href":"https:\/\/primicias2262.com\/noticias\/wp-json\/wp\/v2\/posts"}],"about":[{"href":"https:\/\/primicias2262.com\/noticias\/wp-json\/wp\/v2\/types\/post"}],"author":[{"embeddable":true,"href":"https:\/\/primicias2262.com\/noticias\/wp-json\/wp\/v2\/users\/3"}],"replies":[{"embeddable":true,"href":"https:\/\/primicias2262.com\/noticias\/wp-json\/wp\/v2\/comments?post=96363"}],"version-history":[{"count":0,"href":"https:\/\/primicias2262.com\/noticias\/wp-json\/wp\/v2\/posts\/96363\/revisions"}],"wp:attachment":[{"href":"https:\/\/primicias2262.com\/noticias\/wp-json\/wp\/v2\/media?parent=96363"}],"wp:term":[{"taxonomy":"category","embeddable":true,"href":"https:\/\/primicias2262.com\/noticias\/wp-json\/wp\/v2\/categories?post=96363"},{"taxonomy":"post_tag","embeddable":true,"href":"https:\/\/primicias2262.com\/noticias\/wp-json\/wp\/v2\/tags?post=96363"}],"curies":[{"name":"wp","href":"https:\/\/api.w.org\/{rel}","templated":true}]}}