{"id":96367,"date":"2022-12-30T11:06:55","date_gmt":"2022-12-30T14:06:55","guid":{"rendered":"https:\/\/primicias2262.com\/?p=96367"},"modified":"2022-12-30T11:06:55","modified_gmt":"2022-12-30T14:06:55","slug":"la-titular-de-juventud-municipal-trazo-un-balance-muy-positivo-del-ano","status":"publish","type":"post","link":"https:\/\/primicias2262.com\/noticias\/la-titular-de-juventud-municipal-trazo-un-balance-muy-positivo-del-ano\/","title":{"rendered":"La titular de Juventud Municipal traz\u00f3 un balance muy positivo del a\u00f1o"},"content":{"rendered":"<p><strong>La subdirectora de Juventud del municipio, Valeria Garrido, visit\u00f3 los estudios de \u201cVoces de la Ciudad\u201d y en di\u00e1logo con el periodista Jorge G\u00f3mez reconoci\u00f3 que tuvieron un a\u00f1o intenso y muy positivo.<\/strong><\/p>\n<p>Primeramente, Garrido sostuvo que \u201cel balance del 2022 es muy positivo. En Juventud este a\u00f1o nos permiti\u00f3 acercarnos mucho m\u00e1s a las instituciones y poder trabajar con los colegios, que era algo que ten\u00edamos postergado por la pandemia. Nos permiti\u00f3 articular tem\u00e1ticas importantes, sobre todo en los establecimientos educativos donde encontramos la mayor parte de juventud para trabajar diferentes problem\u00e1ticas\u201d.<\/p>\n<p>En ese aspecto, resalt\u00f3 que \u201cson muchas las tem\u00e1ticas a abordar, no se trata solo de eventos y actividades, aunque hay una necesidad de ello tambi\u00e9n, porque los chicos quieren expresarse y mostrase en un mont\u00f3n de disciplinas, y es un tipo de actividad que venimos abordando y trabajando en los eventos municipales\u201d.<\/p>\n<p>Por ello, insisti\u00f3 en que \u201cfue muy positivo el a\u00f1o, a medida que va pasando el tiempo las articulaciones con las instituciones se van afirmando, como con El Samaritano y el tema de las adicciones, que hemos ido a los colegios\u201d, para luego enumerar que \u201cdurante todo el a\u00f1o se hizo el evento de rap KOliseo; el Urban Fest en el Centro Cultural, que fue muy concurrido y con una impronta multidisciplinaria; adem\u00e1s de participaciones en la inauguraci\u00f3n de la temporada y D\u00eda de la Primavera\u2026 y a su vez no olvidarnos de los temas importantes como trabajar en concientizaci\u00f3n de adicciones, temas de salud mental, y abordar as\u00ed problem\u00e1ticas reales de la juventud y tratarlas\u201d.<\/p>\n<p>Finalmente, explic\u00f3 Valeria sobre la propuesta de su \u00e1rea que se denomina \u201cCelebramos fin de a\u00f1o poni\u00e9ndonos la 10\u201d, con un sorteo que culminar\u00e1 el 6 de enero. \u201cFue una propuesta de pensar c\u00f3mo terminamos el a\u00f1o con algo que resulte atractivo para los j\u00f3venes y se nos ocurri\u00f3 poder hacer un sorteo, para el cual agradecemos la participaci\u00f3n de comercios locales y prestadores de servicios que se prendieron a colaborar para el sorteo\u201d.<\/p>\n<p>Seguidamente, explic\u00f3 que \u201cla idea era interactuar en las redes sociales, generar esa diversidad de propuestas diferentes y hacer un sorteo que a todos nos gusta participar\u201d, y \u201cel requisito es seguir la p\u00e1gina de Instagram Juventud Necochea, poner Me Gusta a la publicaci\u00f3n y compartirla en las historias y arrobar a amigos y amigas. Ya tenemos m\u00e1s de 500 comentarios y el sorteo lo haremos en vivo el 6 de enero a trav\u00e9s de una aplicaci\u00f3n para redes sociales. Los premios son cenas, desayunos, pases para la tirolesa en el Lago de los Cisnes, alfajores, cortes de pelo y dem\u00e1s\u201d, concluy\u00f3.<\/p>\n","protected":false},"excerpt":{"rendered":"<p>La subdirectora de Juventud del municipio, Valeria Garrido, visit\u00f3 los estudios de \u201cVoces de la Ciudad\u201d y en di\u00e1logo con el periodista Jorge G\u00f3mez reconoci\u00f3 que tuvieron un a\u00f1o intenso y muy positivo. Primeramente, Garrido sostuvo que \u201cel balance del 2022 es muy positivo. En Juventud este a\u00f1o nos permiti\u00f3 acercarnos mucho m\u00e1s a las [&hellip;]<\/p>\n","protected":false},"author":3,"featured_media":96349,"comment_status":"closed","ping_status":"closed","sticky":false,"template":"","format":"standard","meta":{"footnotes":""},"categories":[3],"tags":[],"class_list":["post-96367","post","type-post","status-publish","format-standard","has-post-thumbnail","category-masnoticias"],"_links":{"self":[{"href":"https:\/\/primicias2262.com\/noticias\/wp-json\/wp\/v2\/posts\/96367","targetHints":{"allow":["GET"]}}],"collection":[{"href":"https:\/\/primicias2262.com\/noticias\/wp-json\/wp\/v2\/posts"}],"about":[{"href":"https:\/\/primicias2262.com\/noticias\/wp-json\/wp\/v2\/types\/post"}],"author":[{"embeddable":true,"href":"https:\/\/primicias2262.com\/noticias\/wp-json\/wp\/v2\/users\/3"}],"replies":[{"embeddable":true,"href":"https:\/\/primicias2262.com\/noticias\/wp-json\/wp\/v2\/comments?post=96367"}],"version-history":[{"count":0,"href":"https:\/\/primicias2262.com\/noticias\/wp-json\/wp\/v2\/posts\/96367\/revisions"}],"wp:attachment":[{"href":"https:\/\/primicias2262.com\/noticias\/wp-json\/wp\/v2\/media?parent=96367"}],"wp:term":[{"taxonomy":"category","embeddable":true,"href":"https:\/\/primicias2262.com\/noticias\/wp-json\/wp\/v2\/categories?post=96367"},{"taxonomy":"post_tag","embeddable":true,"href":"https:\/\/primicias2262.com\/noticias\/wp-json\/wp\/v2\/tags?post=96367"}],"curies":[{"name":"wp","href":"https:\/\/api.w.org\/{rel}","templated":true}]}}