{"id":96369,"date":"2022-12-30T11:09:34","date_gmt":"2022-12-30T14:09:34","guid":{"rendered":"https:\/\/primicias2262.com\/?p=96369"},"modified":"2022-12-30T11:09:34","modified_gmt":"2022-12-30T14:09:34","slug":"este-domingo-comienza-la-cobertura-completa-de-guardavidas","status":"publish","type":"post","link":"https:\/\/primicias2262.com\/noticias\/este-domingo-comienza-la-cobertura-completa-de-guardavidas\/","title":{"rendered":"Este domingo comienza la cobertura completa de Guardavidas"},"content":{"rendered":"<p><strong>Se pondr\u00e1n en marcha el servicio en varios puntos m\u00e1s que se sumar\u00e1n a los que ya vienen prestando tareas y de esa manera habr\u00e1 m\u00e1s de 200 guardavidas en cobertura.<\/strong><\/p>\n<p>Acerca de este tema estuvo informando el titular de la Asociaci\u00f3n de Guardavidas de Necochea Quequ\u00e9n, Pablo Su\u00e1rez, quien dialog\u00f3 telef\u00f3nicamente con el periodista Jorge G\u00f3mez en el programa \u201cVoces de la Ciudad\u201d.<\/p>\n<p>En primer t\u00e9rmino, Su\u00e1rez confirm\u00f3 que \u201cel domingo comienza la cobertura completa de Guardavidas, con la incorporaci\u00f3n de algunos guardavidas contratados y el inicio de la cobertura en Balneario Los \u00c1ngeles. Adem\u00e1s se abrir\u00e1 un puesto en la continuaci\u00f3n de calle 67 y los m\u00e9danos, que es una zona que ha crecido mucho con el correr del tiempo; y donde bajan las 4&#215;4, as\u00ed que es pertinente tener un puesto ah\u00ed para mayor seguridad; en la zona del Ca\u00f1o y zona del Camping Miguel Lillo, que era un sector de m\u00e1s de 500 metros sin servicio\u201d.<\/p>\n<p><a href=\"https:\/\/primicias2262.com\/wp-content\/uploads\/2022\/12\/IMG-20221228-WA0048.jpg\"><img loading=\"lazy\" decoding=\"async\" class=\"alignleft size-medium wp-image-96351\" src=\"https:\/\/primicias2262.com\/wp-content\/uploads\/2022\/12\/IMG-20221228-WA0048-300x225.jpg\" alt=\"\" width=\"300\" height=\"225\" \/><\/a><\/p>\n<p>\u201cTambi\u00e9n se abre en el Puente Dardo Rocha y en las zonas de Karamawi y campings sindicales para tener la cobertura completa, adem\u00e1s de los servicios en Puente Blanco y Las Cascadas, donde ya estamos desde el 1\u00ba de diciembre\u201d, puntualiz\u00f3.<\/p>\n<p>Respecto a horarios, Pablo inform\u00f3 que \u201cen la zona del Puente Dardo Rocha es un servicio alternativo de 13 a 19 hs., lo mismo que en las bajadas 4&#215;4; mientras que en los dem\u00e1s lugares es servicio completo, de 9 a 20.30 durante enero\u201d.<\/p>\n<p>En cuanto al plantel completo de guardavidas, Su\u00e1rez puntualiz\u00f3 que \u201ca partir del 1\u00ba de enero seremos 132 guardavidas municipales y alrededor de 80 guardavidas privados de balnearios, piletas o clubes para superar los 200 guardavidas abocados a esta cobertura\u201d.<\/p>\n<p>Consciente de que la costa local es muy extensa, el titular de Guardavidas sostuvo que \u201csi bien nos gustar\u00eda cubrir todo, lo cierto es que no se puede\u201d, aunque subray\u00f3 que \u201cse ha venido ampliando el servicio de guardavidas en los \u00faltimos a\u00f1os, y a la gente le decimos que no tenga verg\u00fcenza y se acerque a consultarnos a los guardavidas d\u00f3nde pueden ba\u00f1arse\u201d.<\/p>\n<p>Finalmente, se refiri\u00f3 al refugio de Guardavidas en el sector del Exneptuno: \u201cQuedan algunos detalles el\u00e9ctricos y en la bater\u00eda de los ba\u00f1os, pero son detalles a finalizar de cara al 1\u00ba de enero\u201d, y destac\u00f3 que \u201cincluso se han bajado algunos containers para que sean utilizados como refugios, como en la zona del Ca\u00f1o, extensi\u00f3n de la calle 63, de la Av. 75 y en las bajadas de 4&#215;4; para que los guardavidas puedan guardar sus elementos de trabajo o guarecerse en d\u00edas de tormenta\u201d.<\/p>\n","protected":false},"excerpt":{"rendered":"<p>Se pondr\u00e1n en marcha el servicio en varios puntos m\u00e1s que se sumar\u00e1n a los que ya vienen prestando tareas y de esa manera habr\u00e1 m\u00e1s de 200 guardavidas en cobertura. Acerca de este tema estuvo informando el titular de la Asociaci\u00f3n de Guardavidas de Necochea Quequ\u00e9n, Pablo Su\u00e1rez, quien dialog\u00f3 telef\u00f3nicamente con el periodista [&hellip;]<\/p>\n","protected":false},"author":3,"featured_media":85833,"comment_status":"closed","ping_status":"closed","sticky":false,"template":"","format":"standard","meta":{"footnotes":""},"categories":[3],"tags":[],"class_list":["post-96369","post","type-post","status-publish","format-standard","has-post-thumbnail","category-masnoticias"],"_links":{"self":[{"href":"https:\/\/primicias2262.com\/noticias\/wp-json\/wp\/v2\/posts\/96369","targetHints":{"allow":["GET"]}}],"collection":[{"href":"https:\/\/primicias2262.com\/noticias\/wp-json\/wp\/v2\/posts"}],"about":[{"href":"https:\/\/primicias2262.com\/noticias\/wp-json\/wp\/v2\/types\/post"}],"author":[{"embeddable":true,"href":"https:\/\/primicias2262.com\/noticias\/wp-json\/wp\/v2\/users\/3"}],"replies":[{"embeddable":true,"href":"https:\/\/primicias2262.com\/noticias\/wp-json\/wp\/v2\/comments?post=96369"}],"version-history":[{"count":0,"href":"https:\/\/primicias2262.com\/noticias\/wp-json\/wp\/v2\/posts\/96369\/revisions"}],"wp:attachment":[{"href":"https:\/\/primicias2262.com\/noticias\/wp-json\/wp\/v2\/media?parent=96369"}],"wp:term":[{"taxonomy":"category","embeddable":true,"href":"https:\/\/primicias2262.com\/noticias\/wp-json\/wp\/v2\/categories?post=96369"},{"taxonomy":"post_tag","embeddable":true,"href":"https:\/\/primicias2262.com\/noticias\/wp-json\/wp\/v2\/tags?post=96369"}],"curies":[{"name":"wp","href":"https:\/\/api.w.org\/{rel}","templated":true}]}}