{"id":96371,"date":"2022-12-30T12:12:00","date_gmt":"2022-12-30T15:12:00","guid":{"rendered":"https:\/\/primicias2262.com\/?p=96371"},"modified":"2022-12-30T12:12:00","modified_gmt":"2022-12-30T15:12:00","slug":"franco-de-benedictis-seguira-en-tc-pista-con-el-mismo-equipo","status":"publish","type":"post","link":"https:\/\/primicias2262.com\/noticias\/franco-de-benedictis-seguira-en-tc-pista-con-el-mismo-equipo\/","title":{"rendered":"Franco De Benedictis seguir\u00e1 en TC Pista con el mismo equipo"},"content":{"rendered":"<p><strong>El piloto necochense confirm\u00f3 que continuar\u00e1 dentro de la categor\u00eda telonera del TC en el equipo SAP Team, tal cual como finaliz\u00f3 la temporada 2022.<\/strong><\/p>\n<p style=\"font-weight: 400;\">D\u00edas atr\u00e1s, la Pantera cerr\u00f3 el acuerdo con el equipo con sede en Rosario para encarar la temporada 2023 juntos desde el inicio del campeonato a bordo de la misma Dodge con la que finaliz\u00f3 este a\u00f1o logrando muy buenos resultados.<\/p>\n<p style=\"font-weight: 400;\">Franco continuar\u00e1 con los motores de Gardelito Fern\u00e1ndez y la atenci\u00f3n t\u00e9cnica de Julio Debonis y Mario Bruna junto a todo el equipo.<\/p>\n<p style=\"font-weight: 400;\">El objetivo claramente ser\u00e1 pelear por el campeonato y lograr el ascenso al Turismo Carretera aunque sabiendo que no ser\u00e1 nada f\u00e1cil debido a la alta competitividad del TC Pista donde hay grandes pilotos y equipos que buscan el mismo objetivo. Pero Franco sabe que cuenta con una gran herramienta para pelear adelante y lo demostr\u00f3 en las 7 competencias que disput\u00f3, logrando una victoria en la serie y terminando entre los 10 primeros en 3 carreras.<\/p>\n<p style=\"font-weight: 400;\">Franco De Benedictis: \u201cEstoy muy contento de anunciar mi continuidad dentro del TC Pista con el equipo SAP Team.\u00a0Solamente palabras de agradecimiento a todos por el apoyo y a toda la gente que est\u00e1 haciendo posible este sue\u00f1o de encarar una temporada completa en un equipo de primer nivel, so\u00f1ando con pelear por el ascenso al Turismo de Carretera.\u00a0Seguimos con la Dodge que nos permiti\u00f3 ganar la serie y largar en primera fila este a\u00f1o en Toay por lo que contamos con un auto muy confiable. Vamos por un gran 2023.\u201d<\/p>\n","protected":false},"excerpt":{"rendered":"<p>El piloto necochense confirm\u00f3 que continuar\u00e1 dentro de la categor\u00eda telonera del TC en el equipo SAP Team, tal cual como finaliz\u00f3 la temporada 2022. D\u00edas atr\u00e1s, la Pantera cerr\u00f3 el acuerdo con el equipo con sede en Rosario para encarar la temporada 2023 juntos desde el inicio del campeonato a bordo de la misma [&hellip;]<\/p>\n","protected":false},"author":3,"featured_media":96372,"comment_status":"closed","ping_status":"closed","sticky":false,"template":"","format":"standard","meta":{"footnotes":""},"categories":[3],"tags":[],"class_list":["post-96371","post","type-post","status-publish","format-standard","has-post-thumbnail","category-masnoticias"],"_links":{"self":[{"href":"https:\/\/primicias2262.com\/noticias\/wp-json\/wp\/v2\/posts\/96371","targetHints":{"allow":["GET"]}}],"collection":[{"href":"https:\/\/primicias2262.com\/noticias\/wp-json\/wp\/v2\/posts"}],"about":[{"href":"https:\/\/primicias2262.com\/noticias\/wp-json\/wp\/v2\/types\/post"}],"author":[{"embeddable":true,"href":"https:\/\/primicias2262.com\/noticias\/wp-json\/wp\/v2\/users\/3"}],"replies":[{"embeddable":true,"href":"https:\/\/primicias2262.com\/noticias\/wp-json\/wp\/v2\/comments?post=96371"}],"version-history":[{"count":0,"href":"https:\/\/primicias2262.com\/noticias\/wp-json\/wp\/v2\/posts\/96371\/revisions"}],"wp:attachment":[{"href":"https:\/\/primicias2262.com\/noticias\/wp-json\/wp\/v2\/media?parent=96371"}],"wp:term":[{"taxonomy":"category","embeddable":true,"href":"https:\/\/primicias2262.com\/noticias\/wp-json\/wp\/v2\/categories?post=96371"},{"taxonomy":"post_tag","embeddable":true,"href":"https:\/\/primicias2262.com\/noticias\/wp-json\/wp\/v2\/tags?post=96371"}],"curies":[{"name":"wp","href":"https:\/\/api.w.org\/{rel}","templated":true}]}}