{"id":96376,"date":"2022-12-30T12:58:53","date_gmt":"2022-12-30T15:58:53","guid":{"rendered":"https:\/\/primicias2262.com\/?p=96376"},"modified":"2022-12-30T12:58:53","modified_gmt":"2022-12-30T15:58:53","slug":"zumarraga-hablo-sobre-las-recetas-digitales-y-aclaro-que-para-los-usuarios-pami-todo-sigue-igual","status":"publish","type":"post","link":"https:\/\/primicias2262.com\/noticias\/zumarraga-hablo-sobre-las-recetas-digitales-y-aclaro-que-para-los-usuarios-pami-todo-sigue-igual\/","title":{"rendered":"Zum\u00e1rraga habl\u00f3 sobre las recetas digitales y aclar\u00f3 que para los usuarios PAMI todo sigue igual"},"content":{"rendered":"<p><strong>A ra\u00edz de un resoluci\u00f3n del gobierno nacional sobre recetas digitales, mucha fue la incertidumbre que se gener\u00f3 en pacientes y jubilados en todo el pa\u00eds, y en Necochea no fue la excepci\u00f3n, y sobre ello hizo importantes aclaraciones en \u201cVoces de la Ciudad\u201d el Presidente del Colegio local de Farmac\u00e9uticos, Mart\u00edn Zum\u00e1rraga.<\/strong><\/p>\n<p>Ante la consulta del periodista Jorge G\u00f3mez v\u00eda telef\u00f3nica, \u00a0Zum\u00e1rraga hizo \u00e9nfasis en el tema recetas de las recetas y resoluci\u00f3n del Ministerio de Salud de Naci\u00f3n, a trav\u00e9s de la cual a partir de la fecha no se aceptan m\u00e1s recetas digitales, \u201ces decir im\u00e1genes de recetas en el celular o enviadas a trav\u00e9s de wahtsapp o mail, esas recetas no se aceptan m\u00e1s\u201d, aclar\u00f3.<\/p>\n<p>Para ser m\u00e1s claro, explic\u00f3 que \u201clas recetas que s\u00ed se incluyen son las electr\u00f3nicas o digitales que las farmacias la pueden obtener de una plataforma autorizada, como por ejemplo la de PAMI, que son recetas que tienen una firma electr\u00f3nica certificada de un m\u00e9dico, y esas s\u00ed son v\u00e1lidas porque la firma est\u00e1 certificada. Las bajamos a nuestra computadora de la farmacia\u201d.<\/p>\n<p>En tanto, \u201clas recetas que no deber\u00edan aceptarse son estas que son fotocopias\u201d, insisti\u00f3, para ampliar que \u201cel Gobierno resolvi\u00f3 que en aquellos casos de enfermedades cr\u00f3nicas y tratamientos especiales va a haber una pr\u00f3rroga hasta el 28 de febrero de 2023. De un d\u00eda para el otro no se puede cambiar, as\u00ed que el gobierno hizo la pr\u00f3rroga\u201d.<\/p>\n<p>\u00bfQu\u00e9 pasa con los pacientes agudos en este caso? Al respecto, el profesional aclar\u00f3 que \u201cen esos casos van a tener que ir al m\u00e9dico a atenderse personalmente y van a necesitar una receta que sea de pu\u00f1o y letra\u201d.<\/p>\n<p>Finalmente, Zum\u00e1rraga reconoci\u00f3 que se enteraron primeramente de la medida por los medios de comunicaci\u00f3n y no por un comunicado oficial del gobierno nacional: \u201cEsto nos confundi\u00f3 a todos, no solo a los pacientes, sino tambi\u00e9n a los farmac\u00e9uticos\u201d, aunque llev\u00f3 tranquilidad en el cierre al subrayar que \u201cen el caso de PAMI sigue todo igual\u201d.<\/p>\n","protected":false},"excerpt":{"rendered":"<p>A ra\u00edz de un resoluci\u00f3n del gobierno nacional sobre recetas digitales, mucha fue la incertidumbre que se gener\u00f3 en pacientes y jubilados en todo el pa\u00eds, y en Necochea no fue la excepci\u00f3n, y sobre ello hizo importantes aclaraciones en \u201cVoces de la Ciudad\u201d el Presidente del Colegio local de Farmac\u00e9uticos, Mart\u00edn Zum\u00e1rraga. Ante la [&hellip;]<\/p>\n","protected":false},"author":3,"featured_media":96378,"comment_status":"closed","ping_status":"closed","sticky":false,"template":"","format":"standard","meta":{"footnotes":""},"categories":[3],"tags":[],"class_list":["post-96376","post","type-post","status-publish","format-standard","has-post-thumbnail","category-masnoticias"],"_links":{"self":[{"href":"https:\/\/primicias2262.com\/noticias\/wp-json\/wp\/v2\/posts\/96376","targetHints":{"allow":["GET"]}}],"collection":[{"href":"https:\/\/primicias2262.com\/noticias\/wp-json\/wp\/v2\/posts"}],"about":[{"href":"https:\/\/primicias2262.com\/noticias\/wp-json\/wp\/v2\/types\/post"}],"author":[{"embeddable":true,"href":"https:\/\/primicias2262.com\/noticias\/wp-json\/wp\/v2\/users\/3"}],"replies":[{"embeddable":true,"href":"https:\/\/primicias2262.com\/noticias\/wp-json\/wp\/v2\/comments?post=96376"}],"version-history":[{"count":0,"href":"https:\/\/primicias2262.com\/noticias\/wp-json\/wp\/v2\/posts\/96376\/revisions"}],"wp:attachment":[{"href":"https:\/\/primicias2262.com\/noticias\/wp-json\/wp\/v2\/media?parent=96376"}],"wp:term":[{"taxonomy":"category","embeddable":true,"href":"https:\/\/primicias2262.com\/noticias\/wp-json\/wp\/v2\/categories?post=96376"},{"taxonomy":"post_tag","embeddable":true,"href":"https:\/\/primicias2262.com\/noticias\/wp-json\/wp\/v2\/tags?post=96376"}],"curies":[{"name":"wp","href":"https:\/\/api.w.org\/{rel}","templated":true}]}}