{"id":96380,"date":"2022-12-30T13:01:29","date_gmt":"2022-12-30T16:01:29","guid":{"rendered":"https:\/\/primicias2262.com\/?p=96380"},"modified":"2022-12-30T13:01:29","modified_gmt":"2022-12-30T16:01:29","slug":"arrate-auguro-un-ano-peor-que-2022-y-apunto-a-la-politica-ha-decaido-la-calidad-de-los-dirigentes","status":"publish","type":"post","link":"https:\/\/primicias2262.com\/noticias\/arrate-auguro-un-ano-peor-que-2022-y-apunto-a-la-politica-ha-decaido-la-calidad-de-los-dirigentes\/","title":{"rendered":"Arrate augur\u00f3 un a\u00f1o peor que 2022 y apunt\u00f3 a la pol\u00edtica: \u201cHa deca\u00eddo la calidad de los dirigentes\u201d"},"content":{"rendered":"<p><strong>Con una mirada pesimista de la realidad nacional, el empresario del Grupo Arrate pas\u00f3 por los estudios de \u201cVoces de la Ciudad\u201d y habl\u00f3 sobre cuestiones econ\u00f3micas, ponder\u00f3 a Europa en varios rubros, cuestion\u00f3 las decisiones tomadas por el gobierno argentino y se\u00f1al\u00f3 que hoy en d\u00eda es casi imposible montar un emprendimiento comercial desde cero.<\/strong><\/p>\n<p>En di\u00e1logo con el periodista Jorge G\u00f3mez, Jos\u00e9 Luis Arrate, titular del grupo que lleva su apellido y que tiene bajo su dependencia 155 puestos de trabajo, comenz\u00f3 analizando que el que se termina \u201cfue un a\u00f1o muy movido para estar atento todos los d\u00edas; las ventas de un d\u00eda no han podido ser repuestas en su mercader\u00eda con el precio de venta obtenido dado que no hay productos y que los aumentos son inesperados y abruptos\u2026 en un pa\u00eds con 100% de inflaci\u00f3n y falta de productos de casi todos los rubros es muy dif\u00edcil poder subsistir comercialmente, pero lo hemos podido atravesar, estamos acostumbrados a los vaivenes, pero no tan bruscos como este\u201d.<\/p>\n<p>Econ\u00f3micamente hablando, Arrate traz\u00f3 que \u201cvamos hacia un d\u00f3lar de 370 pesos\u2026 todo lo que sucede en el gobierno genera desconfianza en la gente y eso incita a que la gente vaya a ahorrar y transformar su peso en d\u00f3lar. Hoy tener pesos con la desconfianza que hay no va, lo tienen que invertir en bienes inmuebles o en mejorar su vivienda, y si tiene todo realizado la \u00fanica manera de ahorro lamentablemente es ir al d\u00f3lar\u201d.<\/p>\n<p>Respecto al rubro comercial, Arrate apunt\u00f3 que \u201cel mercado electr\u00f3nico ha crecido much\u00edsimo y no tiene costos operativos, ni negocios, ni personal, lo que genera un pasamano de mercader\u00eda de gran escala y cantidad, obtiene precios y es lo que est\u00e1 hoy llevando gran parte de la venta adelante\u201d, tras lo cual asegur\u00f3: \u201cHoy iniciar una actividad comercial est\u00e1 muy dif\u00edcil, se necesita much\u00edsimo dinero, adem\u00e1s est\u00e1n los vaivenes de la comercializaci\u00f3n, como dec\u00edamos el ejemplo del comercio electr\u00f3nico, est\u00e1n las medidas gubernamentales que te dicen ma\u00f1ana es feriado nacional y ustedes cierran los negocios y pagan los sueldos, y despu\u00e9s llega fin de mes y te dicen ustedes paguen un bono, y no te dicen de d\u00f3nde obtener ese dinero\u2026 de un momento para el otro el gobierno fij\u00f3 que hay que pagar un bono y tenemos que ver d\u00f3nde conseguimos. En el caso nuestro nos significa 4 millones de pesos por ejemplo, que hay que obtener de la noche a la ma\u00f1ana\u201d.<\/p>\n<p><a href=\"https:\/\/primicias2262.com\/wp-content\/uploads\/2022\/12\/jose-luis-arrate33.jpg\"><img loading=\"lazy\" decoding=\"async\" class=\"alignleft size-medium wp-image-96377\" src=\"https:\/\/primicias2262.com\/wp-content\/uploads\/2022\/12\/jose-luis-arrate33-300x225.jpg\" alt=\"\" width=\"300\" height=\"225\" \/><\/a><\/p>\n<p>Por ello, insisti\u00f3 en que \u201caquel que va a iniciar una actividad comercial hoy dir\u00eda yo que es casi imposible, sumado a todo lo que requiere una habilitaci\u00f3n comercial y la cantidad de escalas impositivas que hay\u201d.<\/p>\n<p>Pero para lo \u00faltimo de la nota qued\u00f3 lo m\u00e1s jugoso, donde Arrate mostr\u00f3 una mirada bastante pesimista del pa\u00eds. \u201cDe otros lados del mundo no pueden entender c\u00f3mo se puede manejar comercialmente con una inflaci\u00f3n del 100%, y les dec\u00edamos que estamos acostumbrados a salir adelante y sortear cada obst\u00e1culo que nos ponemos entre los propios argentinos y los dirigentes de turno que la mayor\u00eda del pueblo ha elegido\u201d.<\/p>\n<p>Sigui\u00f3 se\u00f1alando que \u201cla inseguridad ha crecido grandemente y el sector pol\u00edtico ha deca\u00eddo en la calidad de sus dirigentes, tomando decisiones equivocadas y as\u00ed hemos retrocedido. En Europa cada vez que voy han modernizado o hecho algo positivo, y nosotros estamos retrocediendo\u201d.<\/p>\n<p>En ese contexto, no dud\u00f3 en afirmar que \u201cel a\u00f1o 2023 va a ser igual a este o un poco peor, nada nos indica que vamos a mejorar en algo, estamos navegando sin un plan de viaje, no tenemos un plan de navegaci\u00f3n y vamos para donde la corriente nos vaya llevando, donde venga la ola nos va a pegar y vamos para ese lado\u201d.<\/p>\n","protected":false},"excerpt":{"rendered":"<p>Con una mirada pesimista de la realidad nacional, el empresario del Grupo Arrate pas\u00f3 por los estudios de \u201cVoces de la Ciudad\u201d y habl\u00f3 sobre cuestiones econ\u00f3micas, ponder\u00f3 a Europa en varios rubros, cuestion\u00f3 las decisiones tomadas por el gobierno argentino y se\u00f1al\u00f3 que hoy en d\u00eda es casi imposible montar un emprendimiento comercial desde [&hellip;]<\/p>\n","protected":false},"author":3,"featured_media":91431,"comment_status":"closed","ping_status":"closed","sticky":false,"template":"","format":"standard","meta":{"footnotes":""},"categories":[3],"tags":[],"class_list":["post-96380","post","type-post","status-publish","format-standard","has-post-thumbnail","category-masnoticias"],"_links":{"self":[{"href":"https:\/\/primicias2262.com\/noticias\/wp-json\/wp\/v2\/posts\/96380","targetHints":{"allow":["GET"]}}],"collection":[{"href":"https:\/\/primicias2262.com\/noticias\/wp-json\/wp\/v2\/posts"}],"about":[{"href":"https:\/\/primicias2262.com\/noticias\/wp-json\/wp\/v2\/types\/post"}],"author":[{"embeddable":true,"href":"https:\/\/primicias2262.com\/noticias\/wp-json\/wp\/v2\/users\/3"}],"replies":[{"embeddable":true,"href":"https:\/\/primicias2262.com\/noticias\/wp-json\/wp\/v2\/comments?post=96380"}],"version-history":[{"count":0,"href":"https:\/\/primicias2262.com\/noticias\/wp-json\/wp\/v2\/posts\/96380\/revisions"}],"wp:attachment":[{"href":"https:\/\/primicias2262.com\/noticias\/wp-json\/wp\/v2\/media?parent=96380"}],"wp:term":[{"taxonomy":"category","embeddable":true,"href":"https:\/\/primicias2262.com\/noticias\/wp-json\/wp\/v2\/categories?post=96380"},{"taxonomy":"post_tag","embeddable":true,"href":"https:\/\/primicias2262.com\/noticias\/wp-json\/wp\/v2\/tags?post=96380"}],"curies":[{"name":"wp","href":"https:\/\/api.w.org\/{rel}","templated":true}]}}