{"id":96385,"date":"2022-12-31T13:39:15","date_gmt":"2022-12-31T16:39:15","guid":{"rendered":"https:\/\/primicias2262.com\/?p=96385"},"modified":"2022-12-31T13:39:15","modified_gmt":"2022-12-31T16:39:15","slug":"jorge-martinez-resalto-la-idea-de-darle-continuidad-a-los-lineamientos-de-la-gestion-rojas","status":"publish","type":"post","link":"https:\/\/primicias2262.com\/noticias\/jorge-martinez-resalto-la-idea-de-darle-continuidad-a-los-lineamientos-de-la-gestion-rojas\/","title":{"rendered":"Jorge Mart\u00ednez resalt\u00f3 la idea de darle continuidad a los lineamientos de la Gesti\u00f3n Rojas"},"content":{"rendered":"<p><strong>El ahora concejal con licencia, y que a partir de enero 2023 vuelve a ser secretario de Gobierno en lugar de Gabriela G\u00f3ngora, expres\u00f3 sus sensaciones en una nota telef\u00f3nica en \u201cVoces de la Ciudad\u201d, realizada por el periodista Jorge G\u00f3mez, donde se mostr\u00f3 expectante y dedic\u00f3 c\u00e1lidas palabras de despedida a sus compa\u00f1eros del Concejo Deliberante.<\/strong><\/p>\n<p>En primer t\u00e9rmino, sostuvo que \u201cse viene una nueva y gran responsabilidad, es una continuaci\u00f3n de la pol\u00edtica que viene realizando Arturo (Rojas) en todas las \u00e1reas, y me toca continuar lo que he iniciado yo y despu\u00e9s sigui\u00f3 Gabriela (G\u00f3ngora), as\u00ed que es un poco darle continuidad a los lineamientos\u201d.<\/p>\n<p>El ahora funcionario no soslay\u00f3 que \u201cestamos ante un inicio de temporada que tambi\u00e9n tiene su particularidad y complicaciones, pero estoy con mucha expectativa, muy contento y agradecido por la confianza que ha depositado Arturo en m\u00ed, as\u00ed que lo tomo con mucha responsabilidad como en los dos a\u00f1os que me toc\u00f3 estar en la Secretar\u00eda\u201d.<\/p>\n<p>Al dirigirse a G\u00f3ngora, sostuvo que \u201choy me toca reemplazarla a ella como ella en su momento me reemplaz\u00f3 a m\u00ed en gran forma, esto es muy din\u00e1mico, son \u00e1rea muy din\u00e1micas que necesitan ser renovadas por el gran volumen de trabajo, as\u00ed que esto es una continuidad, por supuesto agradecerle a Gabriela, conozco la labor de ella y hemos estado en contacto permanente, ahora me toca este desaf\u00edo y hoy tengo una reuni\u00f3n con ella para delinear la continuidad\u201d.<\/p>\n<p>Mart\u00ednez a\u00f1adi\u00f3 que Gobierno \u201ces un \u00e1rea que ha sufrido algunas modificaciones en cuanto a su estructura y nombramientos, as\u00ed que estaremos codo a codo para continuar la l\u00ednea de trabajo que nos viene marcando el Intendente\u201d.<\/p>\n<p>Para el cierre de la nota, dej\u00f3 una despedida para sus colegas del HCD: \u201cLes mando un saludo a mis compa\u00f1eros de bloque, se los va a extra\u00f1ar, es un gran equipo y hemos trabajado todo el a\u00f1o, estaremos en contacto pero no ser\u00e1 lo mismo como todos los d\u00edas\u201d, concluy\u00f3.<\/p>\n","protected":false},"excerpt":{"rendered":"<p>El ahora concejal con licencia, y que a partir de enero 2023 vuelve a ser secretario de Gobierno en lugar de Gabriela G\u00f3ngora, expres\u00f3 sus sensaciones en una nota telef\u00f3nica en \u201cVoces de la Ciudad\u201d, realizada por el periodista Jorge G\u00f3mez, donde se mostr\u00f3 expectante y dedic\u00f3 c\u00e1lidas palabras de despedida a sus compa\u00f1eros del [&hellip;]<\/p>\n","protected":false},"author":3,"featured_media":92805,"comment_status":"closed","ping_status":"closed","sticky":false,"template":"","format":"standard","meta":{"footnotes":""},"categories":[3],"tags":[],"class_list":["post-96385","post","type-post","status-publish","format-standard","has-post-thumbnail","category-masnoticias"],"_links":{"self":[{"href":"https:\/\/primicias2262.com\/noticias\/wp-json\/wp\/v2\/posts\/96385","targetHints":{"allow":["GET"]}}],"collection":[{"href":"https:\/\/primicias2262.com\/noticias\/wp-json\/wp\/v2\/posts"}],"about":[{"href":"https:\/\/primicias2262.com\/noticias\/wp-json\/wp\/v2\/types\/post"}],"author":[{"embeddable":true,"href":"https:\/\/primicias2262.com\/noticias\/wp-json\/wp\/v2\/users\/3"}],"replies":[{"embeddable":true,"href":"https:\/\/primicias2262.com\/noticias\/wp-json\/wp\/v2\/comments?post=96385"}],"version-history":[{"count":0,"href":"https:\/\/primicias2262.com\/noticias\/wp-json\/wp\/v2\/posts\/96385\/revisions"}],"wp:attachment":[{"href":"https:\/\/primicias2262.com\/noticias\/wp-json\/wp\/v2\/media?parent=96385"}],"wp:term":[{"taxonomy":"category","embeddable":true,"href":"https:\/\/primicias2262.com\/noticias\/wp-json\/wp\/v2\/categories?post=96385"},{"taxonomy":"post_tag","embeddable":true,"href":"https:\/\/primicias2262.com\/noticias\/wp-json\/wp\/v2\/tags?post=96385"}],"curies":[{"name":"wp","href":"https:\/\/api.w.org\/{rel}","templated":true}]}}