{"id":96386,"date":"2022-12-31T13:40:32","date_gmt":"2022-12-31T16:40:32","guid":{"rendered":"https:\/\/primicias2262.com\/?p=96386"},"modified":"2022-12-31T13:40:32","modified_gmt":"2022-12-31T16:40:32","slug":"hay-alrededor-de-2-mil-chicos-anotados-para-las-escuelas-abiertas-en-verano-2023","status":"publish","type":"post","link":"https:\/\/primicias2262.com\/noticias\/hay-alrededor-de-2-mil-chicos-anotados-para-las-escuelas-abiertas-en-verano-2023\/","title":{"rendered":"Hay alrededor de 2 mil chicos anotados para las Escuelas Abiertas en Verano 2023"},"content":{"rendered":"<p><strong>As\u00ed lo inform\u00f3 la coordinadora del programa, la profesora de Educaci\u00f3n F\u00edsica Vanesa Graneros, dando cuenta de esa forma que ya se super\u00f3 largamente la matr\u00edcula de 500 alumnos que tuvo la iniciativa en enero de 2022.<\/strong><\/p>\n<p>En los estudios de \u201cVoces de la Ciudad\u201d, el periodista Jorge G\u00f3mez dialog\u00f3 con Graneros, quien record\u00f3 de cara al inicio de las Escuelas Abiertas en Verano el pr\u00f3ximo lunes 2 de enero que \u201chay 22 sedes designadas, una en Claraz, La Dulce, Juan N. Fern\u00e1ndez y Ram\u00f3n Santamarina; seis sedes en Quequ\u00e9n y 12 en Necochea, las cuales todas cuentan con servicio de desayuno y almuerzo\u201d, a trav\u00e9s de la articulaci\u00f3n del Consejo Escolar.<\/p>\n<p>Graneros se\u00f1al\u00f3 que el programa depende de la Direcci\u00f3n General de Cultura y Educaci\u00f3n y de la Provincia de Buenos Aires, es de car\u00e1cter gratuito para los alumnos y dej\u00f3 en claro que \u201cesto est\u00e1 destinado a todos los chicos escolarizados de ambas gestiones, a partir de los 3 a\u00f1os hasta los 20 a\u00f1os\u201d.<\/p>\n<p>Para este a\u00f1o es notorio el crecimiento de la participaci\u00f3n de sedes y alumnos en las Escuelas Abiertas, y al respecto la coordinadora expres\u00f3 que \u201ccontemplando a todo el distrito, estamos hablando de una matr\u00edcula de alrededor de 2 mil chicos, cuando el a\u00f1o pasado eran alrededor de 500\u201d.<\/p>\n<p>El programa funcionar\u00e1 de lunes a viernes de 8 a 12 y la inscripci\u00f3n no tiene cierre, sino que contin\u00faa abierta a medida que avanzan los d\u00edas, y el \u00fanico requisito que se pide es que el ni\u00f1o o ni\u00f1a est\u00e9 escolarizado\/a. La finalizaci\u00f3n del programa ser\u00e1 el 27 de enero.<\/p>\n<p>En cuanto a las actividades, habr\u00e1 l\u00fadicas, deportivas, recreativas y art\u00edsticas, y \u201cse har\u00e1n en las sedes con los docentes asignados; y adem\u00e1s est\u00e1 asignado el transporte para que los chicos bajen a la playa en puntos fijos este a\u00f1o, tanto en Necochea como en Quequ\u00e9n, donde contar\u00e1n con guardavidas\u201d, apunt\u00f3 Granero.<\/p>\n<p>Asimismo, aclar\u00f3 que \u201clos d\u00edas que est\u00e9 feo el clima est\u00e1 asignado el Polideportivo Municipal o la Base Campamento de Pinolandia, o sea que si el d\u00eda que les toca la salida, si el clima no acompa\u00f1a para la playa las actividades las realizar\u00e1n en esos dos puntos\u201d.<\/p>\n<p>Finalmente, Graneros destac\u00f3 estar \u201cacompa\u00f1ada por un equipo: Jefatura Distrital, inspectores de ambas gestiones, Educaci\u00f3n F\u00edsica, Primaria, Consejo Escolar y Municipio, que junto al Consejo disponen el traslado con el transporte para las salidas recreativas y educativas\u201d.<\/p>\n","protected":false},"excerpt":{"rendered":"<p>As\u00ed lo inform\u00f3 la coordinadora del programa, la profesora de Educaci\u00f3n F\u00edsica Vanesa Graneros, dando cuenta de esa forma que ya se super\u00f3 largamente la matr\u00edcula de 500 alumnos que tuvo la iniciativa en enero de 2022. En los estudios de \u201cVoces de la Ciudad\u201d, el periodista Jorge G\u00f3mez dialog\u00f3 con Graneros, quien record\u00f3 de [&hellip;]<\/p>\n","protected":false},"author":3,"featured_media":96392,"comment_status":"closed","ping_status":"closed","sticky":false,"template":"","format":"standard","meta":{"footnotes":""},"categories":[3],"tags":[],"class_list":["post-96386","post","type-post","status-publish","format-standard","has-post-thumbnail","category-masnoticias"],"_links":{"self":[{"href":"https:\/\/primicias2262.com\/noticias\/wp-json\/wp\/v2\/posts\/96386","targetHints":{"allow":["GET"]}}],"collection":[{"href":"https:\/\/primicias2262.com\/noticias\/wp-json\/wp\/v2\/posts"}],"about":[{"href":"https:\/\/primicias2262.com\/noticias\/wp-json\/wp\/v2\/types\/post"}],"author":[{"embeddable":true,"href":"https:\/\/primicias2262.com\/noticias\/wp-json\/wp\/v2\/users\/3"}],"replies":[{"embeddable":true,"href":"https:\/\/primicias2262.com\/noticias\/wp-json\/wp\/v2\/comments?post=96386"}],"version-history":[{"count":0,"href":"https:\/\/primicias2262.com\/noticias\/wp-json\/wp\/v2\/posts\/96386\/revisions"}],"wp:attachment":[{"href":"https:\/\/primicias2262.com\/noticias\/wp-json\/wp\/v2\/media?parent=96386"}],"wp:term":[{"taxonomy":"category","embeddable":true,"href":"https:\/\/primicias2262.com\/noticias\/wp-json\/wp\/v2\/categories?post=96386"},{"taxonomy":"post_tag","embeddable":true,"href":"https:\/\/primicias2262.com\/noticias\/wp-json\/wp\/v2\/tags?post=96386"}],"curies":[{"name":"wp","href":"https:\/\/api.w.org\/{rel}","templated":true}]}}