{"id":96398,"date":"2022-12-31T13:37:58","date_gmt":"2022-12-31T16:37:58","guid":{"rendered":"https:\/\/primicias2262.com\/?p=96398"},"modified":"2022-12-31T13:37:58","modified_gmt":"2022-12-31T16:37:58","slug":"el-concierto-de-ano-nuevo-tuvo-respaldo-vecinal-y-buena-musica","status":"publish","type":"post","link":"https:\/\/primicias2262.com\/noticias\/el-concierto-de-ano-nuevo-tuvo-respaldo-vecinal-y-buena-musica\/","title":{"rendered":"Un buen n\u00famero de vecinos disfrut\u00f3 del Concierto de A\u00f1o Nuevo"},"content":{"rendered":"<p><strong>Organizado por Cultura, se desarroll\u00f3 en la plaza central con shows de artistas locales hasta llegar al cierre de Los Borbotones. El intendente Arturo Rojas estuvo presentes y envi\u00f3 un mensaje de amor y paz en v\u00edsperas del comienzo del 2023.\u00a0<\/strong><\/p>\n<p>Aprovechando el buen clima en este cierre de a\u00f1o, vecinos y algunos turistas que ya est\u00e1n vacacionando en la ciudad respaldaron el Concierto de A\u00f1o Nuevo organizado desde la Direcci\u00f3n de Cultura, y que se cristaliz\u00f3 esta noche en la Plaza Dardo Rocha al ritmo de artistas locales quienes impusieron el clima festivo con sus respectivos repertorios.<\/p>\n<p>Desde antes de las 20, y luego de disfrutar del d\u00eda de playa, el p\u00fablico comenz\u00f3 a acercarse a la plaza, justo en el sector donde est\u00e1 el m\u00e1stil central, y a la espera de los n\u00fameros art\u00edsticos se acomod\u00f3 en sus sillas playeras y lonas para disfrutar del buen momento, donde se pudo palpar el clima relajado y la buena onda.<\/p>\n<p><a href=\"https:\/\/primicias2262.com\/wp-content\/uploads\/2022\/12\/Foto-Concierto-Ano-Nuevo2.jpeg\"><img loading=\"lazy\" decoding=\"async\" class=\"aligncenter size-large wp-image-96408\" src=\"https:\/\/primicias2262.com\/wp-content\/uploads\/2022\/12\/Foto-Concierto-Ano-Nuevo2-1024x682.jpeg\" alt=\"\" width=\"696\" height=\"464\" \/><\/a><\/p>\n<p>Durante el acontecimiento cultural, que vale recordar se posterg\u00f3 por el clima adverso en las v\u00edsperas navide\u00f1as, se hizo presente el intendente Arturo Rojas, quien dialog\u00f3 de forma descontracturada con algunos de los vecinos y for\u00e1neos al tiempo que aprovech\u00f3 para enviar un saludo de amor y paz de cara al 2023 que ya arranca.<\/p>\n<p>Le dieron su importa art\u00edstica al evento, que se extendi\u00f3 hasta pasadas las 23, los artistas Jos\u00e9 Luis Rodr\u00edguez, Carlos Demian Paludi, y los grupos Clavija Sachera, La Clave y Los Borbotones.<\/p>\n","protected":false},"excerpt":{"rendered":"<p>Organizado por Cultura, se desarroll\u00f3 en la plaza central con shows de artistas locales hasta llegar al cierre de Los Borbotones. El intendente Arturo Rojas estuvo presentes y envi\u00f3 un mensaje de amor y paz en v\u00edsperas del comienzo del 2023.\u00a0 Aprovechando el buen clima en este cierre de a\u00f1o, vecinos y algunos turistas que [&hellip;]<\/p>\n","protected":false},"author":3,"featured_media":96407,"comment_status":"closed","ping_status":"closed","sticky":false,"template":"","format":"standard","meta":{"footnotes":""},"categories":[3],"tags":[],"class_list":["post-96398","post","type-post","status-publish","format-standard","has-post-thumbnail","category-masnoticias"],"_links":{"self":[{"href":"https:\/\/primicias2262.com\/noticias\/wp-json\/wp\/v2\/posts\/96398","targetHints":{"allow":["GET"]}}],"collection":[{"href":"https:\/\/primicias2262.com\/noticias\/wp-json\/wp\/v2\/posts"}],"about":[{"href":"https:\/\/primicias2262.com\/noticias\/wp-json\/wp\/v2\/types\/post"}],"author":[{"embeddable":true,"href":"https:\/\/primicias2262.com\/noticias\/wp-json\/wp\/v2\/users\/3"}],"replies":[{"embeddable":true,"href":"https:\/\/primicias2262.com\/noticias\/wp-json\/wp\/v2\/comments?post=96398"}],"version-history":[{"count":0,"href":"https:\/\/primicias2262.com\/noticias\/wp-json\/wp\/v2\/posts\/96398\/revisions"}],"wp:attachment":[{"href":"https:\/\/primicias2262.com\/noticias\/wp-json\/wp\/v2\/media?parent=96398"}],"wp:term":[{"taxonomy":"category","embeddable":true,"href":"https:\/\/primicias2262.com\/noticias\/wp-json\/wp\/v2\/categories?post=96398"},{"taxonomy":"post_tag","embeddable":true,"href":"https:\/\/primicias2262.com\/noticias\/wp-json\/wp\/v2\/tags?post=96398"}],"curies":[{"name":"wp","href":"https:\/\/api.w.org\/{rel}","templated":true}]}}