{"id":96439,"date":"2023-01-01T19:32:54","date_gmt":"2023-01-01T22:32:54","guid":{"rendered":"https:\/\/primicias2262.com\/?p=96439"},"modified":"2023-01-01T19:32:54","modified_gmt":"2023-01-01T22:32:54","slug":"antes-teniamos-500-personas-en-navidad-y-1000-en-ano-nuevo-y-hoy-solo-150","status":"publish","type":"post","link":"https:\/\/primicias2262.com\/noticias\/antes-teniamos-500-personas-en-navidad-y-1000-en-ano-nuevo-y-hoy-solo-150\/","title":{"rendered":"\u201cAntes ten\u00edamos 500 personas en Navidad y 1000 en A\u00f1o Nuevo, y hoy solo 150\u201d"},"content":{"rendered":"<p>As\u00ed lo reconoci\u00f3 el titular del Camping Miguel Lillo, Rafael Mujica L\u00e1zaro, quien demostr\u00f3 preocupaci\u00f3n por el bajo movimiento tur\u00edstico que se nota en la ciudad durante estos d\u00edas, y asegur\u00f3 que es un fen\u00f3meno que se est\u00e1 dando en la mayor\u00eda de las ciudades de la costa atl\u00e1ntica.<\/p>\n<p>En \u201cVoces de la Ciudad\u201d, Mujica L\u00e1zaro dialog\u00f3 con el periodista Jorge G\u00f3mez, y en un contexto de econom\u00eda brava dej\u00f3 entrever que ello se nota en prestaciones como la del camping. \u201cDespu\u00e9s de 19 temporadas tenemos estad\u00edsticas y cuadros comparativos que nos hacen estar atentos a todas las situaciones que se pueden ir dando, y la realidad es que siempre Navidad fue la mitad de lo que es A\u00f1o Nuevo, pero esta Navidad fue totalmente at\u00edpica a las 19 anteriores, nos encontramos con 300 personas menos en relaci\u00f3n a las anteriores, cosa que por supuesto nos preocupa\u201d, comenz\u00f3 explicando con sinceridad.<\/p>\n<p>Si bien destac\u00f3 que \u201cestuvimos muy contentos por lo que hab\u00eda sido el \u00faltimo fin de semana largo en diciembre, donde se unieron varios factores\u201d, lo cierto es que ahora \u201cquiz\u00e1 porque el clima no ha ayudado estos d\u00edas o porque la fiesta de Navidad cay\u00f3 en fin de semana sucedi\u00f3 esto, pero esper\u00e1bamos que para martes o mi\u00e9rcoles empezara el movimiento y la verdad que todav\u00eda no lo vemos, y nos preocupa mucho\u201d.<\/p>\n<p>En ese marco, se\u00f1al\u00f3 en cuanto a cifras que \u201choy tengo un camping totalmente personalizado, y no est\u00e1 bueno, porque las expectativas son grandes y los servicios est\u00e1n preparados para lo que est\u00e1bamos acostumbrados. Hist\u00f3ricamente para Navidad ten\u00edamos 500 personas y para A\u00f1o Nuevo 1000, y hoy estamos con 151 personas, que es un n\u00famero menor. Es muy raro que despu\u00e9s podamos recuperar esto que se va perdiendo, y cada d\u00eda que pasa y no ingresa el volumen de gente que uno espera es un d\u00eda que se va perdiendo\u201d.<\/p>\n<p>A su vez, el empresario argument\u00f3 que \u201chay un factor que no hay que perder de vista, que es el combustible. La gente antes de salir tiene que tener en cuenta que va a tener 20 mil pesos o m\u00e1s para ir y venir, entonces vamos a esperar unos d\u00edas m\u00e1s pero estamos pensando en bonificar a la gente que venga de m\u00e1s de 500 kil\u00f3metros de distancia, para solventar un poco el traslado\u201d.<\/p>\n<p>Asimismo, Mujica L\u00e1zaro expres\u00f3 que \u201cs\u00e9 que la gente la est\u00e1 pasando mal, a mi p\u00fablico en particular, que es la clase media trabajadora, le ha sido dif\u00edcil tener una capacidad de ahorro de 100 o 200 mil pesos para venir a acampar y dormir en el piso, as\u00ed que ojal\u00e1 que haya sido una cuesti\u00f3n clim\u00e1tica o que cay\u00f3 mal la fecha, pero colegas de otras ciudades de la costa est\u00e1n con el mismo problema\u201d.<\/p>\n<p>Finalmente, valor\u00f3 que \u201ccreo que la ciudad se prepar\u00f3 de la mejor manera para la temporada, con iluminaci\u00f3n, bacheo y limpieza, que son caracter\u00edsticas que te piden los clientes y hoy est\u00e1n, pero el factor econ\u00f3mico influye mucho\u201d.<\/p>\n","protected":false},"excerpt":{"rendered":"<p>As\u00ed lo reconoci\u00f3 el titular del Camping Miguel Lillo, Rafael Mujica L\u00e1zaro, quien demostr\u00f3 preocupaci\u00f3n por el bajo movimiento tur\u00edstico que se nota en la ciudad durante estos d\u00edas, y asegur\u00f3 que es un fen\u00f3meno que se est\u00e1 dando en la mayor\u00eda de las ciudades de la costa atl\u00e1ntica. En \u201cVoces de la Ciudad\u201d, Mujica [&hellip;]<\/p>\n","protected":false},"author":3,"featured_media":96440,"comment_status":"closed","ping_status":"closed","sticky":false,"template":"","format":"standard","meta":{"footnotes":""},"categories":[3],"tags":[],"class_list":["post-96439","post","type-post","status-publish","format-standard","has-post-thumbnail","category-masnoticias"],"_links":{"self":[{"href":"https:\/\/primicias2262.com\/noticias\/wp-json\/wp\/v2\/posts\/96439","targetHints":{"allow":["GET"]}}],"collection":[{"href":"https:\/\/primicias2262.com\/noticias\/wp-json\/wp\/v2\/posts"}],"about":[{"href":"https:\/\/primicias2262.com\/noticias\/wp-json\/wp\/v2\/types\/post"}],"author":[{"embeddable":true,"href":"https:\/\/primicias2262.com\/noticias\/wp-json\/wp\/v2\/users\/3"}],"replies":[{"embeddable":true,"href":"https:\/\/primicias2262.com\/noticias\/wp-json\/wp\/v2\/comments?post=96439"}],"version-history":[{"count":0,"href":"https:\/\/primicias2262.com\/noticias\/wp-json\/wp\/v2\/posts\/96439\/revisions"}],"wp:attachment":[{"href":"https:\/\/primicias2262.com\/noticias\/wp-json\/wp\/v2\/media?parent=96439"}],"wp:term":[{"taxonomy":"category","embeddable":true,"href":"https:\/\/primicias2262.com\/noticias\/wp-json\/wp\/v2\/categories?post=96439"},{"taxonomy":"post_tag","embeddable":true,"href":"https:\/\/primicias2262.com\/noticias\/wp-json\/wp\/v2\/tags?post=96439"}],"curies":[{"name":"wp","href":"https:\/\/api.w.org\/{rel}","templated":true}]}}