{"id":96443,"date":"2023-01-03T09:43:54","date_gmt":"2023-01-03T12:43:54","guid":{"rendered":"https:\/\/primicias2262.com\/?p=96443"},"modified":"2023-01-03T09:43:54","modified_gmt":"2023-01-03T12:43:54","slug":"cuando-empiezan-y-terminan-las-clases-en-la-provincia-de-buenos-aires-en-2023","status":"publish","type":"post","link":"https:\/\/primicias2262.com\/noticias\/cuando-empiezan-y-terminan-las-clases-en-la-provincia-de-buenos-aires-en-2023\/","title":{"rendered":"Cu\u00e1ndo empiezan y terminan las clases en la Provincia de Buenos Aires en 2023"},"content":{"rendered":"<p>A trav\u00e9s del bolet\u00edn oficial, la Provincia dio detalles del nuevo ciclo lectivo 2023. Las fechas claves y el objetivo de los \u00ab190 d\u00edas de clases\u00bb. Bajo el lema \u201c40 a\u00f1os de Democracia\u201d, el ciclo lectivo 2023 tiene su calendario definido en la provincia de Buenos Aires.<\/p>\n<p>Este lunes se dieron a conocer en detalle las fechas salientes del periodo escolar que buscar\u00e1 cumplir con el objetivo de los 190 d\u00edas de clases. Como ya hab\u00eda anticipado Infocielo, el inicio el inicio de clases ser\u00e1 el mi\u00e9rcoles 1\u00b0 de marzo, en sinton\u00eda con lo resuelto por el Consejo Federal de Educaci\u00f3n y el cierre ser\u00e1 el d\u00eda 26 de diciembre.<\/p>\n<p>En tanto, las vacaciones de invierno se llevar\u00e1n a cabo del 17 al 28 de julio. En la Provincia de Buenos Aires se suman tiempos escolares a partir de la implementaci\u00f3n del Programa Escuelas Abiertas en Verano, en el per\u00edodo comprendido entre el 2 de enero y el 27 de enero de 2023.<\/p>\n<p>Las fechas m\u00e1s importantes del calendario escolar<br \/>\n\u2022 Jardines Maternales desde el 01-02 hasta el 29-12-2023<br \/>\n\u2022 Jardines de Infantes desde el 01-03 hasta el 26-12-2023<br \/>\n\u2022 Educaci\u00f3n Primaria desde el 01-03 hasta el 26-12-2023<br \/>\n\u2022 Educaci\u00f3n Secundaria, T\u00e9cnica y Agraria y Formaci\u00f3n. Profesional desde el 01-03 hasta el 26-12-2023<br \/>\n\u2022 Educaci\u00f3n Especial, Centros y Servicios Agregados de Formaci\u00f3n Integral: desde el 01-03 hasta el 26-12-2023<br \/>\n\u2022 Educaci\u00f3n J\u00f3venes Adultos desde el 01-03 hasta el 26-12-2023<br \/>\nEducaci\u00f3n superior:<br \/>\n\u2022 Formaci\u00f3n Docente Inicial: desde el 13-03 hasta el 24-11-2023<br \/>\n\u2022 Formaci\u00f3n Superior T\u00e9cnica: desde el 13-03 hasta el 24-11-2023<br \/>\nEducaci\u00f3n Art\u00edstica<br \/>\n\u2022 Escuelas de Educaci\u00f3n Est\u00e9tica desde el 01-03 hasta el 26-12-2023<br \/>\n\u2022 Art\u00edstica Nivel Superior desde el 13-03 hasta el 24-11-2023<br \/>\nEducaci\u00f3n F\u00edsica<br \/>\n\u2022 Centros de Educaci\u00f3n F\u00edsica desde el 27-02-2023 hasta el 28-02-2024<br \/>\n\u2022 Cargos en niveles y modalidades desde el 01-03 hasta el 22-12-2023<br \/>\n\u2022 Centros Educativos Complementarios desde el 01-03-2023 hasta el 30-12-2023<br \/>\nCurso Escolar<\/p>\n<p>El Curso Escolar se iniciar\u00e1 con las actividades previas de organizaci\u00f3n del ciclo lectivo y concluir\u00e1 el d\u00eda anterior al comienzo del siguiente curso escolar. Anualmente el Calendario Escolar determinar\u00e1 las fechas correspondientes. En el a\u00f1o 2023 el Curso Escolar comenzar\u00e1 el 01-03-2023 y finalizar\u00e1 el 29-02- 2024.<\/p>\n","protected":false},"excerpt":{"rendered":"<p>A trav\u00e9s del bolet\u00edn oficial, la Provincia dio detalles del nuevo ciclo lectivo 2023. Las fechas claves y el objetivo de los \u00ab190 d\u00edas de clases\u00bb. Bajo el lema \u201c40 a\u00f1os de Democracia\u201d, el ciclo lectivo 2023 tiene su calendario definido en la provincia de Buenos Aires. Este lunes se dieron a conocer en detalle [&hellip;]<\/p>\n","protected":false},"author":3,"featured_media":90412,"comment_status":"closed","ping_status":"closed","sticky":false,"template":"","format":"standard","meta":{"footnotes":""},"categories":[3],"tags":[],"class_list":["post-96443","post","type-post","status-publish","format-standard","has-post-thumbnail","category-masnoticias"],"_links":{"self":[{"href":"https:\/\/primicias2262.com\/noticias\/wp-json\/wp\/v2\/posts\/96443","targetHints":{"allow":["GET"]}}],"collection":[{"href":"https:\/\/primicias2262.com\/noticias\/wp-json\/wp\/v2\/posts"}],"about":[{"href":"https:\/\/primicias2262.com\/noticias\/wp-json\/wp\/v2\/types\/post"}],"author":[{"embeddable":true,"href":"https:\/\/primicias2262.com\/noticias\/wp-json\/wp\/v2\/users\/3"}],"replies":[{"embeddable":true,"href":"https:\/\/primicias2262.com\/noticias\/wp-json\/wp\/v2\/comments?post=96443"}],"version-history":[{"count":0,"href":"https:\/\/primicias2262.com\/noticias\/wp-json\/wp\/v2\/posts\/96443\/revisions"}],"wp:attachment":[{"href":"https:\/\/primicias2262.com\/noticias\/wp-json\/wp\/v2\/media?parent=96443"}],"wp:term":[{"taxonomy":"category","embeddable":true,"href":"https:\/\/primicias2262.com\/noticias\/wp-json\/wp\/v2\/categories?post=96443"},{"taxonomy":"post_tag","embeddable":true,"href":"https:\/\/primicias2262.com\/noticias\/wp-json\/wp\/v2\/tags?post=96443"}],"curies":[{"name":"wp","href":"https:\/\/api.w.org\/{rel}","templated":true}]}}