{"id":96451,"date":"2023-01-03T10:04:05","date_gmt":"2023-01-03T13:04:05","guid":{"rendered":"https:\/\/primicias2262.com\/?p=96451"},"modified":"2023-01-03T10:04:05","modified_gmt":"2023-01-03T13:04:05","slug":"festival-infantil-convocan-a-emprendedores-para-una-nueva-exposicion","status":"publish","type":"post","link":"https:\/\/primicias2262.com\/noticias\/festival-infantil-convocan-a-emprendedores-para-una-nueva-exposicion\/","title":{"rendered":"Festival Infantil: convocan a emprendedores para una nueva exposici\u00f3n"},"content":{"rendered":"<p><strong>El paseo estar\u00e1 habilitado al p\u00fablico entre el 2 y el 5 de febrero, en el Jard\u00edn Franc\u00e9s del Parque Miguel Lillo. Los cupos son limitados y las inscripciones estar\u00e1n abiertas hasta el pr\u00f3ximo domingo 15 de enero.<\/strong><\/p>\n<div class=\"wp-block-media-text is-stacked-on-mobile is-vertically-aligned-top\">\n<div class=\"wp-block-media-text__content\">\n<p>La Secretar\u00eda de Turismo y Desarrollo Productivo de la Municipalidad de Necochea lanz\u00f3 una convocatoria para emprendimientos productivos que est\u00e9n interesados en ser parte de la nueva Expo Emprendedores que se desarrollar\u00e1 con motivo de la celebraci\u00f3n del Festival Infantil, del 2 al 5 de febrero, en el Jard\u00edn Franc\u00e9s del Parque Miguel Lillo.<\/p>\n<p>Con el objetivo de dar visibilizaci\u00f3n a este sector de la econom\u00eda distrital, y para ayudar a que consoliden sus ventas, el paseo estar\u00e1 ubicado estrat\u00e9gicamente en el sector, acompa\u00f1ando a otras actividades por definirse, como una zona de juegos, otras de cultura y un corredor gastron\u00f3mico, entre otras.<\/p>\n<p>\u201cComo venimos haciendo en la pospandemia, estas exposiciones nos permiten dar a conocer las elaboraciones locales y los nuevos proyectos que surgen en el distrito\u201d, explic\u00f3 la directora de Emprendimientos y Pymes, Antonela Giglio.<\/p>\n<p><a href=\"https:\/\/primicias2262.com\/wp-content\/uploads\/2023\/01\/Emprendores.jpg\"><img loading=\"lazy\" decoding=\"async\" class=\"alignright size-medium wp-image-96452\" src=\"https:\/\/primicias2262.com\/wp-content\/uploads\/2023\/01\/Emprendores-300x300.jpg\" alt=\"\" width=\"300\" height=\"300\" \/><\/a>Asimismo, la funcionaria recalc\u00f3 que para inscribirse hay que completar un formulario dando clic a <a href=\"https:\/\/bit.ly\/ExpoFestivalInfantil\">https:\/\/bit.ly\/ExpoFestivalInfantil<\/a>\u00a0y que solo se permitir\u00e1 la participaci\u00f3n en este evento de emprendimientos productivos, o sea, aquellos que no se dediquen a la reventa comercial sino a la confecci\u00f3n de su comercializaci\u00f3n.<\/p>\n<\/div>\n<\/div>\n<p>Recordando que los cupos limitados y que al finalizar el periodo de inscripci\u00f3n se realizar\u00e1 una selecci\u00f3n de entre los anotados, desde el \u00e1rea detallaron que los stands se entregar\u00e1n por dos d\u00edas a cada expositor (del 2 al 3 o del 4 y 5) y que el horario estimado de apertura de la feria ser\u00e1 entre las 19 y las 22, en principio.<\/p>\n<p>El costo aproximado de la participaci\u00f3n ser\u00e1 el regulado por la OFI 2023 y el cierre de inscripci\u00f3n para los emprendimientos interesados el pr\u00f3ximo domingo 15 de enero.<\/p>\n","protected":false},"excerpt":{"rendered":"<p>El paseo estar\u00e1 habilitado al p\u00fablico entre el 2 y el 5 de febrero, en el Jard\u00edn Franc\u00e9s del Parque Miguel Lillo. Los cupos son limitados y las inscripciones estar\u00e1n abiertas hasta el pr\u00f3ximo domingo 15 de enero. La Secretar\u00eda de Turismo y Desarrollo Productivo de la Municipalidad de Necochea lanz\u00f3 una convocatoria para emprendimientos [&hellip;]<\/p>\n","protected":false},"author":3,"featured_media":96453,"comment_status":"closed","ping_status":"closed","sticky":false,"template":"","format":"standard","meta":{"footnotes":""},"categories":[3],"tags":[],"class_list":["post-96451","post","type-post","status-publish","format-standard","has-post-thumbnail","category-masnoticias"],"_links":{"self":[{"href":"https:\/\/primicias2262.com\/noticias\/wp-json\/wp\/v2\/posts\/96451","targetHints":{"allow":["GET"]}}],"collection":[{"href":"https:\/\/primicias2262.com\/noticias\/wp-json\/wp\/v2\/posts"}],"about":[{"href":"https:\/\/primicias2262.com\/noticias\/wp-json\/wp\/v2\/types\/post"}],"author":[{"embeddable":true,"href":"https:\/\/primicias2262.com\/noticias\/wp-json\/wp\/v2\/users\/3"}],"replies":[{"embeddable":true,"href":"https:\/\/primicias2262.com\/noticias\/wp-json\/wp\/v2\/comments?post=96451"}],"version-history":[{"count":0,"href":"https:\/\/primicias2262.com\/noticias\/wp-json\/wp\/v2\/posts\/96451\/revisions"}],"wp:attachment":[{"href":"https:\/\/primicias2262.com\/noticias\/wp-json\/wp\/v2\/media?parent=96451"}],"wp:term":[{"taxonomy":"category","embeddable":true,"href":"https:\/\/primicias2262.com\/noticias\/wp-json\/wp\/v2\/categories?post=96451"},{"taxonomy":"post_tag","embeddable":true,"href":"https:\/\/primicias2262.com\/noticias\/wp-json\/wp\/v2\/tags?post=96451"}],"curies":[{"name":"wp","href":"https:\/\/api.w.org\/{rel}","templated":true}]}}