{"id":96475,"date":"2023-01-04T10:48:09","date_gmt":"2023-01-04T13:48:09","guid":{"rendered":"https:\/\/primicias2262.com\/?p=96475"},"modified":"2023-01-04T10:48:09","modified_gmt":"2023-01-04T13:48:09","slug":"comienzan-las-actividades-destinadas-a-adultos-con-discapacidad","status":"publish","type":"post","link":"https:\/\/primicias2262.com\/noticias\/comienzan-las-actividades-destinadas-a-adultos-con-discapacidad\/","title":{"rendered":"Comienzan las activiades destinadas a adultos con discapacidad"},"content":{"rendered":"<p><strong>Este viernes, en el Polideportivo Municipal, de 9 a 11, habr\u00e1 una clase de yoga y de expresi\u00f3n corporal a cargo de talleristas y acompa\u00f1antes terap\u00e9uticas de la comuna. La idea es crearles semanalmente un espacio que los mantenga activos durante la temporada estival.<\/strong><\/p>\n<p><a href=\"https:\/\/primicias2262.com\/wp-content\/uploads\/2023\/01\/Placa.jpg\"><img loading=\"lazy\" decoding=\"async\" class=\"alignright size-medium wp-image-96476\" src=\"https:\/\/primicias2262.com\/wp-content\/uploads\/2023\/01\/Placa-300x287.jpg\" alt=\"\" width=\"300\" height=\"287\" \/><\/a>Desde el \u00c1rea de Discapacidad a cargo de Camila Bianchi, anuncia para el pr\u00f3ximo viernes en el Polideportivo Municipal, entre las 9 y las 11, una clase de yoga y expresi\u00f3n corporal destinadas a adultos y adultas con discapacidad, la primera de otras que llegar\u00e1n mas adelante.<\/p>\n<p>Esta jornada ser\u00e1 el inicio de diversas actividades proyectadas para los d\u00edas viernes del mes de enero, que estar\u00e1n a cargo de docentes talleristas y acompa\u00f1antes terap\u00e9uticas del municipio, adem\u00e1s de la participaci\u00f3n como siempre de la Asociaci\u00f3n la Subida.<\/p>\n<p>El objetivo principal es brindar un espacio de expresi\u00f3n art\u00edstico corporal y musical en el receso estival, siempre tan necesario para personas con alguna inhabilidad.<\/p>\n","protected":false},"excerpt":{"rendered":"<p>Este viernes, en el Polideportivo Municipal, de 9 a 11, habr\u00e1 una clase de yoga y de expresi\u00f3n corporal a cargo de talleristas y acompa\u00f1antes terap\u00e9uticas de la comuna. La idea es crearles semanalmente un espacio que los mantenga activos durante la temporada estival. Desde el \u00c1rea de Discapacidad a cargo de Camila Bianchi, anuncia [&hellip;]<\/p>\n","protected":false},"author":3,"featured_media":96477,"comment_status":"closed","ping_status":"closed","sticky":false,"template":"","format":"standard","meta":{"footnotes":""},"categories":[3],"tags":[],"class_list":["post-96475","post","type-post","status-publish","format-standard","has-post-thumbnail","category-masnoticias"],"_links":{"self":[{"href":"https:\/\/primicias2262.com\/noticias\/wp-json\/wp\/v2\/posts\/96475","targetHints":{"allow":["GET"]}}],"collection":[{"href":"https:\/\/primicias2262.com\/noticias\/wp-json\/wp\/v2\/posts"}],"about":[{"href":"https:\/\/primicias2262.com\/noticias\/wp-json\/wp\/v2\/types\/post"}],"author":[{"embeddable":true,"href":"https:\/\/primicias2262.com\/noticias\/wp-json\/wp\/v2\/users\/3"}],"replies":[{"embeddable":true,"href":"https:\/\/primicias2262.com\/noticias\/wp-json\/wp\/v2\/comments?post=96475"}],"version-history":[{"count":0,"href":"https:\/\/primicias2262.com\/noticias\/wp-json\/wp\/v2\/posts\/96475\/revisions"}],"wp:attachment":[{"href":"https:\/\/primicias2262.com\/noticias\/wp-json\/wp\/v2\/media?parent=96475"}],"wp:term":[{"taxonomy":"category","embeddable":true,"href":"https:\/\/primicias2262.com\/noticias\/wp-json\/wp\/v2\/categories?post=96475"},{"taxonomy":"post_tag","embeddable":true,"href":"https:\/\/primicias2262.com\/noticias\/wp-json\/wp\/v2\/tags?post=96475"}],"curies":[{"name":"wp","href":"https:\/\/api.w.org\/{rel}","templated":true}]}}