{"id":96504,"date":"2023-01-05T11:33:04","date_gmt":"2023-01-05T14:33:04","guid":{"rendered":"https:\/\/primicias2262.com\/?p=96504"},"modified":"2023-01-05T11:33:04","modified_gmt":"2023-01-05T14:33:04","slug":"esta-es-una-provincia-que-apuesta-a-la-produccion-la-educacion-y-el-turismo","status":"publish","type":"post","link":"https:\/\/primicias2262.com\/noticias\/esta-es-una-provincia-que-apuesta-a-la-produccion-la-educacion-y-el-turismo\/","title":{"rendered":"\u00abEsta es una provincia que apuesta a la producci\u00f3n, la educaci\u00f3n y el turismo\u00bb"},"content":{"rendered":"<p>La diputada provincial, Natalia S\u00e1nchez Jauregui, particip\u00f3 del lanzamiento de la tercera etapa de los viajes de egresados para alumnos de la Provincia de Buenos Aires, acto que fue encabezado por el gobernador, Axel Kicillof.<\/p>\n<p>El mismo se desarroll\u00f3 en la ciudad de Miramar, hasta donde se acercaron ministros bonaerenses, intendentes y legisladores de la Quinta Secci\u00f3n Electoral.<\/p>\n<p>Previo a dicho lanzamiento, la legisladora necochense del Partido Fe particip\u00f3 de un almuerzo junto a Kicillof y los funcionarios Carlos Bianco y Augusto Costa, entre otros, d\u00f3nde se abord\u00f3 diferentes tem\u00e1ticas relacionadas a la secci\u00f3n.<\/p>\n<p>\u00abSiempre es un placer poder participar de estos encuentros\u00bb, indic\u00f3 S\u00e1nchez Jauregui, al tiempo que asever\u00f3 que \u00abeste es un gobernador que se ocupa de la producci\u00f3n, la educaci\u00f3n y el turismo y como peronistas son pilares de nuestra militancia\u00bb.<\/p>\n<p>Posteriormente, junto a sectores productivos, culturales y del turismo regional, el gobernador dialog\u00f3 sobre estos ejes y anunci\u00f3 la tercera etapa del programa que posibilita el viaje de egresados de miles de alumnos bonaerenses por diferentes ciudades tur\u00edsticas.<\/p>\n<p>\u00abGracias a este programa, Necochea recibi\u00f3 varios contingentes de chicos y chicas y poco a poco vamos rompiendo con la estacionalidad, lo cual es sumamente importante para el distrito\u00bb, resalt\u00f3 la legisladora.<\/p>\n<p>Para finalizar, coment\u00f3 que \u00abvamos a seguir trabajando<br \/>\npara que m\u00e1s hoteles, restaurantes y sectores tur\u00edsticos puedan recibir a chicos y chicas de nuestra provincia durante este a\u00f1o\u00bb.<\/p>\n","protected":false},"excerpt":{"rendered":"<p>La diputada provincial, Natalia S\u00e1nchez Jauregui, particip\u00f3 del lanzamiento de la tercera etapa de los viajes de egresados para alumnos de la Provincia de Buenos Aires, acto que fue encabezado por el gobernador, Axel Kicillof. El mismo se desarroll\u00f3 en la ciudad de Miramar, hasta donde se acercaron ministros bonaerenses, intendentes y legisladores de la [&hellip;]<\/p>\n","protected":false},"author":3,"featured_media":96505,"comment_status":"closed","ping_status":"closed","sticky":false,"template":"","format":"standard","meta":{"footnotes":""},"categories":[3],"tags":[],"class_list":["post-96504","post","type-post","status-publish","format-standard","has-post-thumbnail","category-masnoticias"],"_links":{"self":[{"href":"https:\/\/primicias2262.com\/noticias\/wp-json\/wp\/v2\/posts\/96504","targetHints":{"allow":["GET"]}}],"collection":[{"href":"https:\/\/primicias2262.com\/noticias\/wp-json\/wp\/v2\/posts"}],"about":[{"href":"https:\/\/primicias2262.com\/noticias\/wp-json\/wp\/v2\/types\/post"}],"author":[{"embeddable":true,"href":"https:\/\/primicias2262.com\/noticias\/wp-json\/wp\/v2\/users\/3"}],"replies":[{"embeddable":true,"href":"https:\/\/primicias2262.com\/noticias\/wp-json\/wp\/v2\/comments?post=96504"}],"version-history":[{"count":0,"href":"https:\/\/primicias2262.com\/noticias\/wp-json\/wp\/v2\/posts\/96504\/revisions"}],"wp:attachment":[{"href":"https:\/\/primicias2262.com\/noticias\/wp-json\/wp\/v2\/media?parent=96504"}],"wp:term":[{"taxonomy":"category","embeddable":true,"href":"https:\/\/primicias2262.com\/noticias\/wp-json\/wp\/v2\/categories?post=96504"},{"taxonomy":"post_tag","embeddable":true,"href":"https:\/\/primicias2262.com\/noticias\/wp-json\/wp\/v2\/tags?post=96504"}],"curies":[{"name":"wp","href":"https:\/\/api.w.org\/{rel}","templated":true}]}}