{"id":96507,"date":"2023-01-05T11:40:39","date_gmt":"2023-01-05T14:40:39","guid":{"rendered":"https:\/\/primicias2262.com\/?p=96507"},"modified":"2023-01-05T11:40:39","modified_gmt":"2023-01-05T14:40:39","slug":"las-grutas-y-costa-bonita-los-nuevos-destinos-del-transporte-publico","status":"publish","type":"post","link":"https:\/\/primicias2262.com\/noticias\/las-grutas-y-costa-bonita-los-nuevos-destinos-del-transporte-publico\/","title":{"rendered":"Las Grutas y Costa Bonita: los nuevos destinos del transporte p\u00fablico"},"content":{"rendered":"<p><strong>La Compa\u00f1\u00eda de Transporte Necochea agreg\u00f3 dos servicios que tienen por objetivo mejorar la cobertura y extenderse hacia zonas de mucha actividad durante la temporada estival. En principio, las l\u00edneas 515 y 517 estar\u00e1n activas hasta el 28 de febrero.<\/strong><\/p>\n<p>Con el objetivo de mejorar la cobertura y extenderse hacia zonas donde el crecimiento de las distintas actividades es constante, sobre todo en \u00e9poca estival cuando el turismo llega masivamente a visitar le distrito, por gestiones de la Direcci\u00f3n de Transporte municipal los colectivos de pasaje urbano llegan este verano hasta el paraje Las Grutas y la localidad de Costa Bonita.<\/p>\n<p><a href=\"https:\/\/primicias2262.com\/wp-content\/uploads\/2023\/01\/Colectivos.png\"><img loading=\"lazy\" decoding=\"async\" class=\"aligncenter size-full wp-image-96508\" src=\"https:\/\/primicias2262.com\/wp-content\/uploads\/2023\/01\/Colectivos.png\" alt=\"\" width=\"775\" height=\"516\" \/><\/a><\/p>\n<p>Desde el \u00e1rea que encabeza Facundo Croci detallaron que este servicio est\u00e1 disponible desde el pasado lunes 2 de enero y permanecer\u00e1 en funcionamiento hasta, por lo menos, el 28 de febrero del corriente a\u00f1o.<\/p>\n<p>Para hacer frente a este desaf\u00edo, la Compa\u00f1\u00eda de Transporte Necochea, que debe brindar la prestaci\u00f3n por concesionar el servicio, puso en funciones a las l\u00edneas 515 y 517, la primera con destino hacia las playas del sur de Necochea y la segunda orientada hacia los vecinos y turistas que quieran acercarse hasta Bah\u00eda de los Vientos o destinos similares, con cabecera en la \u00faltima localidad costera del distrito.<\/p>\n<p>Persiguiendo la finalidad de que \u201cel p\u00fablico en general pueda acceder a distintos puntos costeros de la ciudad\u201d, seg\u00fan definieron desde el \u00e1rea, las l\u00edneas funcionar\u00e1n en los siguientes horarios:<\/p>\n<ul>\n<li><strong>515 \u2013 Servicio a Las Grutas<\/strong><\/li>\n<\/ul>\n<p>Salida: Avenida 2 y 79<\/p>\n<p>Horario: 10:30 y 17 horas<\/p>\n<ul>\n<li><strong>517 \u2013 Servicio a Costa Bonita<\/strong><\/li>\n<\/ul>\n<p>Salida: Avenida 2 y 79<\/p>\n<p>Horario: 8:45, 12 y 18 horas<\/p>\n<p>Para terminar, desde la Unidad de Gesti\u00f3n SUBE, dependiente de la Direcci\u00f3n de la comuna, informaron que los recorridos espec\u00edficos de estas l\u00edneas se pueden corroborar ingresando a un mapa interactivo que pronto estar\u00e1 cargado en la p\u00e1gina web del municipio y al que se puede acceder antes ingresando en\u00a0<a href=\"https:\/\/bit.ly\/Lineas515y517Neco\">https:\/\/bit.ly\/Lineas515y517Neco<\/a>.<\/p>\n","protected":false},"excerpt":{"rendered":"<p>La Compa\u00f1\u00eda de Transporte Necochea agreg\u00f3 dos servicios que tienen por objetivo mejorar la cobertura y extenderse hacia zonas de mucha actividad durante la temporada estival. En principio, las l\u00edneas 515 y 517 estar\u00e1n activas hasta el 28 de febrero. Con el objetivo de mejorar la cobertura y extenderse hacia zonas donde el crecimiento de [&hellip;]<\/p>\n","protected":false},"author":3,"featured_media":96509,"comment_status":"closed","ping_status":"closed","sticky":false,"template":"","format":"standard","meta":{"footnotes":""},"categories":[3],"tags":[],"class_list":["post-96507","post","type-post","status-publish","format-standard","has-post-thumbnail","category-masnoticias"],"_links":{"self":[{"href":"https:\/\/primicias2262.com\/noticias\/wp-json\/wp\/v2\/posts\/96507","targetHints":{"allow":["GET"]}}],"collection":[{"href":"https:\/\/primicias2262.com\/noticias\/wp-json\/wp\/v2\/posts"}],"about":[{"href":"https:\/\/primicias2262.com\/noticias\/wp-json\/wp\/v2\/types\/post"}],"author":[{"embeddable":true,"href":"https:\/\/primicias2262.com\/noticias\/wp-json\/wp\/v2\/users\/3"}],"replies":[{"embeddable":true,"href":"https:\/\/primicias2262.com\/noticias\/wp-json\/wp\/v2\/comments?post=96507"}],"version-history":[{"count":0,"href":"https:\/\/primicias2262.com\/noticias\/wp-json\/wp\/v2\/posts\/96507\/revisions"}],"wp:attachment":[{"href":"https:\/\/primicias2262.com\/noticias\/wp-json\/wp\/v2\/media?parent=96507"}],"wp:term":[{"taxonomy":"category","embeddable":true,"href":"https:\/\/primicias2262.com\/noticias\/wp-json\/wp\/v2\/categories?post=96507"},{"taxonomy":"post_tag","embeddable":true,"href":"https:\/\/primicias2262.com\/noticias\/wp-json\/wp\/v2\/tags?post=96507"}],"curies":[{"name":"wp","href":"https:\/\/api.w.org\/{rel}","templated":true}]}}