{"id":96511,"date":"2023-01-05T11:45:02","date_gmt":"2023-01-05T14:45:02","guid":{"rendered":"https:\/\/primicias2262.com\/?p=96511"},"modified":"2023-01-05T11:45:02","modified_gmt":"2023-01-05T14:45:02","slug":"construyen-una-rampa-de-accesibilidad-en-la-escollera-de-quequen","status":"publish","type":"post","link":"https:\/\/primicias2262.com\/noticias\/construyen-una-rampa-de-accesibilidad-en-la-escollera-de-quequen\/","title":{"rendered":"Construyen una rampa de accesibilidad en la Escollera de Quequ\u00e9n"},"content":{"rendered":"<p><strong>Son 20 metros de decks de madera y una cinta transportadora que don\u00f3 Sitio 0 por gestiones ante la empresa del delegado de Quequ\u00e9n, Mario Wilgenhoff, para dar respuesta as\u00ed a un pedido de la Asociaci\u00f3n Todos al Agua. <\/strong><\/p>\n<p>\u201cEsta bajada accesible es para que las personas con alguna discapacidad puedan llegar al mar como corresponde\u201d, enfatiz\u00f3 el funcionario mientras observaba la tarea acompa\u00f1ado por Gustavo Bardin y Horacio Amendola, padres de adolescentes con discapacidad motriz e integrantes activos de la entidad.<\/p>\n<p>Tras un pedido de la Asociaci\u00f3n Todos al Agua y posteriores gestiones del Ejecutivo a trav\u00e9s de la Delegaci\u00f3n de Quequ\u00e9n ante la empresa Sitio 0, se est\u00e1 colocando en la escollera norte, del lado de la vecina ciudad, una rampa de accesibilidad de madera y una posterior cinta transportadora para que las personas con discapacidad puedan llegar directamente al agua y sortear el escollo que para ellos es la arena seca sobre todo.<\/p>\n<p>En este sentido, el delegado Mario Wilgenhoff estuvo observando los trabajos, acompa\u00f1ado por Gustavo Bardin y Horacio Amendola, miembros activos de la Escuela Municipal de Nataci\u00f3n Adaptada Todo al Agua y padres de adolescentes con discapacidad que practican la actividad.<\/p>\n<div class=\"wp-block-media-text is-stacked-on-mobile\">\n<div class=\"wp-block-media-text__content\">\n<p>El funcionario, a la hora de brindar algunas declaraciones, se\u00f1al\u00f3 que \u201ccuando nos lleg\u00f3 el pedido de Gustavo y Horacio empezamos a gestionar para que hoy se haga realidad esta bajada accesible para que las personas con alguna discapacidad puedan acceder al mar como corresponde\u201d.<\/p>\n<p>\u201cQuiero en principio agradecerles a las autoridades de Sitio 0 que nos don\u00f3 estos 20 metros de madera para el armado de estos decks y al personal del Corral\u00f3n y a su responsable Ariel Rodr\u00edguez\u201d afirm\u00f3 m\u00e1s tarde, para que de esta manera \u201cse pueda brindar una playa accesible como hay en el sector de Monte Pasubio y en la zona de La H\u00e9lice\u201d finiquit\u00f3.<\/p>\n<\/div>\n<\/div>\n<p>Bardin, a su turno, admiti\u00f3 que \u201ccomo padres de chicos con discapacidad estamos muy contentos porque nos escucharon, y es por ello que estamos agradecidos a Mario que hizo las gestiones para conseguir la madera y los materiales, como as\u00ed tambi\u00e9n al Consorcio que nos acondicion\u00f3 la rampa para que se pueda hacer todo esto\u201d.<\/p>\n<figure class=\"wp-block-audio\"><\/figure>\n<p><strong>\u00a0\u00a0<\/strong><\/p>\n","protected":false},"excerpt":{"rendered":"<p>Son 20 metros de decks de madera y una cinta transportadora que don\u00f3 Sitio 0 por gestiones ante la empresa del delegado de Quequ\u00e9n, Mario Wilgenhoff, para dar respuesta as\u00ed a un pedido de la Asociaci\u00f3n Todos al Agua. \u201cEsta bajada accesible es para que las personas con alguna discapacidad puedan llegar al mar como [&hellip;]<\/p>\n","protected":false},"author":3,"featured_media":96512,"comment_status":"closed","ping_status":"closed","sticky":false,"template":"","format":"standard","meta":{"footnotes":""},"categories":[3],"tags":[],"class_list":["post-96511","post","type-post","status-publish","format-standard","has-post-thumbnail","category-masnoticias"],"_links":{"self":[{"href":"https:\/\/primicias2262.com\/noticias\/wp-json\/wp\/v2\/posts\/96511","targetHints":{"allow":["GET"]}}],"collection":[{"href":"https:\/\/primicias2262.com\/noticias\/wp-json\/wp\/v2\/posts"}],"about":[{"href":"https:\/\/primicias2262.com\/noticias\/wp-json\/wp\/v2\/types\/post"}],"author":[{"embeddable":true,"href":"https:\/\/primicias2262.com\/noticias\/wp-json\/wp\/v2\/users\/3"}],"replies":[{"embeddable":true,"href":"https:\/\/primicias2262.com\/noticias\/wp-json\/wp\/v2\/comments?post=96511"}],"version-history":[{"count":0,"href":"https:\/\/primicias2262.com\/noticias\/wp-json\/wp\/v2\/posts\/96511\/revisions"}],"wp:attachment":[{"href":"https:\/\/primicias2262.com\/noticias\/wp-json\/wp\/v2\/media?parent=96511"}],"wp:term":[{"taxonomy":"category","embeddable":true,"href":"https:\/\/primicias2262.com\/noticias\/wp-json\/wp\/v2\/categories?post=96511"},{"taxonomy":"post_tag","embeddable":true,"href":"https:\/\/primicias2262.com\/noticias\/wp-json\/wp\/v2\/tags?post=96511"}],"curies":[{"name":"wp","href":"https:\/\/api.w.org\/{rel}","templated":true}]}}