{"id":96514,"date":"2023-01-05T11:51:03","date_gmt":"2023-01-05T14:51:03","guid":{"rendered":"https:\/\/primicias2262.com\/?p=96514"},"modified":"2023-01-05T11:51:03","modified_gmt":"2023-01-05T14:51:03","slug":"presentaran-la-obra-mi-hijo-solo-camina-un-poco-mas-lento-en-el-municipal","status":"publish","type":"post","link":"https:\/\/primicias2262.com\/noticias\/presentaran-la-obra-mi-hijo-solo-camina-un-poco-mas-lento-en-el-municipal\/","title":{"rendered":"Presentar\u00e1n la obra \u201cMi hijo s\u00f3lo camina un poco m\u00e1s lento\u00bb en el Municipal"},"content":{"rendered":"<p>El pr\u00f3ximo domingo, en el Teatro Municipal, ser\u00e1 ofrecida la obra \u00a0\u201cMi hijo s\u00f3lo camina un poco m\u00e1s lento\u201d, del autor croata Ivor Martinic. Ser\u00e1 a las 22, protagonizada por actores locales, bajo la direcci\u00f3n general de Miguel De Amico.<\/p>\n<p>Respecto de la obra, el director hizo una rese\u00f1a, se\u00f1alando que \u201clos\u00a0 v\u00ednculos de la familia se tensan y deshilachan a partir de la enfermedad de uno de sus integrantes. \u00bfC\u00f3mo soportar aquello que ocurre sin anunciarse? \u00bfC\u00f3mo acompa\u00f1ar el andar de quienes amamos desconociendo sus huellas? \u00bfC\u00f3mo vivir lentamente superando las barreras de la quietud?\u201d<\/p>\n<p>Act\u00faan Susana Velasco, \u00a0Anal\u00eda Apecena, Fernando Repetto, Paz Gutierrez, Dante Gervasi, Ezequiel Mercado, Natalia Bottiglieri, Gustavo Wilson y Agustina Zanichelli.<\/p>\n<p>A cargo de la escenograf\u00eda est\u00e1 Jorge Romero, siendo asistente \u00a0Rodolfo Di Matteo.<\/p>\n<p>Intangible Teatro, el grupo que pone en escena esta obra cuenta con el apoyo del Instituto Nacional del Teatro.<\/p>\n<p>El valor de la entrada es de $ 800 y el Teatro Municipal de Necochea se halla ubicado en la calle 54 entre 61 y 63.<\/p>\n","protected":false},"excerpt":{"rendered":"<p>El pr\u00f3ximo domingo, en el Teatro Municipal, ser\u00e1 ofrecida la obra \u00a0\u201cMi hijo s\u00f3lo camina un poco m\u00e1s lento\u201d, del autor croata Ivor Martinic. Ser\u00e1 a las 22, protagonizada por actores locales, bajo la direcci\u00f3n general de Miguel De Amico. Respecto de la obra, el director hizo una rese\u00f1a, se\u00f1alando que \u201clos\u00a0 v\u00ednculos de la [&hellip;]<\/p>\n","protected":false},"author":3,"featured_media":96515,"comment_status":"closed","ping_status":"closed","sticky":false,"template":"","format":"standard","meta":{"footnotes":""},"categories":[3],"tags":[],"class_list":["post-96514","post","type-post","status-publish","format-standard","has-post-thumbnail","category-masnoticias"],"_links":{"self":[{"href":"https:\/\/primicias2262.com\/noticias\/wp-json\/wp\/v2\/posts\/96514","targetHints":{"allow":["GET"]}}],"collection":[{"href":"https:\/\/primicias2262.com\/noticias\/wp-json\/wp\/v2\/posts"}],"about":[{"href":"https:\/\/primicias2262.com\/noticias\/wp-json\/wp\/v2\/types\/post"}],"author":[{"embeddable":true,"href":"https:\/\/primicias2262.com\/noticias\/wp-json\/wp\/v2\/users\/3"}],"replies":[{"embeddable":true,"href":"https:\/\/primicias2262.com\/noticias\/wp-json\/wp\/v2\/comments?post=96514"}],"version-history":[{"count":0,"href":"https:\/\/primicias2262.com\/noticias\/wp-json\/wp\/v2\/posts\/96514\/revisions"}],"wp:attachment":[{"href":"https:\/\/primicias2262.com\/noticias\/wp-json\/wp\/v2\/media?parent=96514"}],"wp:term":[{"taxonomy":"category","embeddable":true,"href":"https:\/\/primicias2262.com\/noticias\/wp-json\/wp\/v2\/categories?post=96514"},{"taxonomy":"post_tag","embeddable":true,"href":"https:\/\/primicias2262.com\/noticias\/wp-json\/wp\/v2\/tags?post=96514"}],"curies":[{"name":"wp","href":"https:\/\/api.w.org\/{rel}","templated":true}]}}