{"id":96537,"date":"2023-01-06T11:58:33","date_gmt":"2023-01-06T14:58:33","guid":{"rendered":"https:\/\/primicias2262.com\/?p=96537"},"modified":"2023-01-06T11:58:33","modified_gmt":"2023-01-06T14:58:33","slug":"los-reyes-magos-recibieron-cientos-de-cartas-en-el-pesebre-gigante","status":"publish","type":"post","link":"https:\/\/primicias2262.com\/noticias\/los-reyes-magos-recibieron-cientos-de-cartas-en-el-pesebre-gigante\/","title":{"rendered":"Los Reyes Magos recibieron cientos de cartas en el pesebre gigante"},"content":{"rendered":"<p><strong>Anticip\u00e1ndose a la celebraci\u00f3n, Baltazar, Melchor y Gaspar repartieron caramelos y se sacaron fotos con los ni\u00f1os y las ni\u00f1as que se acercaron hasta la Plaza Dardo Rocha para disfrutar del m\u00e1gico momento.<\/strong><\/p>\n<p>En la tarde de este jueves, cuando la jornada en el distrito de Necochea presentaba temperaturas ideales para disfrutar de actividades al aire libre en la Plaza Dardo Rocha, la llegada de los Reyes Magos irrumpi\u00f3 la cotidianeidad del espacio c\u00e9ntrico y reuni\u00f3 a una multitud de familias que se acercaron hasta el Pesebre gigante para presentar sus deseos a las tres figuras emblem\u00e1ticas de esta celebraci\u00f3n religiosa.<\/p>\n<p>A lo largo de dos horas, Baltazar, Melchor y Gaspar estuvieron repartiendo caramelos entre los cientos de ni\u00f1os y ni\u00f1as que les pidieron una foto, que guardar\u00e1n para siempre entre sus recuerdos infantiles, o les entregaron sus cartas record\u00e1ndoles cu\u00e1l obsequio prefer\u00edan que aparezca bajo el \u00c1rbol de Navidad en la ma\u00f1ana de este 6 de enero.<\/p>\n<p>El director de Cultura, Juan Gamba, encargado de la organizaci\u00f3n y luego de vivenciar este bello momento, detall\u00f3 que \u201cla concurrencia fue muy importante\u201d. Y agreg\u00f3: \u201cCada uno tra\u00eda su carta, se sacaba su fotito, estaba con los Reyes y segu\u00eda. Fue una marcha continua de ni\u00f1os y, por momentos, los que disfrutaban mucho eran los pap\u00e1s y los abuelos recordando, quiz\u00e1s, momentos de su infancia\u201d.<\/p>\n<p>El funcionario describi\u00f3 en su relato de la jornada que \u201clos Reyes estuvieron repartiendo caramelos y juntando las cartitas\u201d que, por cierto, superaron en mucho al centenar. \u201cLa sonrisa que pudimos ver en cada uno de los ni\u00f1os presentes justifica el esfuerzo de organizar este tipo de momento tan interesantes\u201d, asegur\u00f3 el artista.<\/p>\n","protected":false},"excerpt":{"rendered":"<p>Anticip\u00e1ndose a la celebraci\u00f3n, Baltazar, Melchor y Gaspar repartieron caramelos y se sacaron fotos con los ni\u00f1os y las ni\u00f1as que se acercaron hasta la Plaza Dardo Rocha para disfrutar del m\u00e1gico momento. En la tarde de este jueves, cuando la jornada en el distrito de Necochea presentaba temperaturas ideales para disfrutar de actividades al [&hellip;]<\/p>\n","protected":false},"author":3,"featured_media":96538,"comment_status":"closed","ping_status":"closed","sticky":false,"template":"","format":"standard","meta":{"footnotes":""},"categories":[3],"tags":[],"class_list":["post-96537","post","type-post","status-publish","format-standard","has-post-thumbnail","category-masnoticias"],"_links":{"self":[{"href":"https:\/\/primicias2262.com\/noticias\/wp-json\/wp\/v2\/posts\/96537","targetHints":{"allow":["GET"]}}],"collection":[{"href":"https:\/\/primicias2262.com\/noticias\/wp-json\/wp\/v2\/posts"}],"about":[{"href":"https:\/\/primicias2262.com\/noticias\/wp-json\/wp\/v2\/types\/post"}],"author":[{"embeddable":true,"href":"https:\/\/primicias2262.com\/noticias\/wp-json\/wp\/v2\/users\/3"}],"replies":[{"embeddable":true,"href":"https:\/\/primicias2262.com\/noticias\/wp-json\/wp\/v2\/comments?post=96537"}],"version-history":[{"count":0,"href":"https:\/\/primicias2262.com\/noticias\/wp-json\/wp\/v2\/posts\/96537\/revisions"}],"wp:attachment":[{"href":"https:\/\/primicias2262.com\/noticias\/wp-json\/wp\/v2\/media?parent=96537"}],"wp:term":[{"taxonomy":"category","embeddable":true,"href":"https:\/\/primicias2262.com\/noticias\/wp-json\/wp\/v2\/categories?post=96537"},{"taxonomy":"post_tag","embeddable":true,"href":"https:\/\/primicias2262.com\/noticias\/wp-json\/wp\/v2\/tags?post=96537"}],"curies":[{"name":"wp","href":"https:\/\/api.w.org\/{rel}","templated":true}]}}