{"id":96540,"date":"2023-01-06T12:06:39","date_gmt":"2023-01-06T15:06:39","guid":{"rendered":"https:\/\/primicias2262.com\/?p=96540"},"modified":"2023-01-06T12:06:39","modified_gmt":"2023-01-06T15:06:39","slug":"buen-inicio-de-las-actividades-gratuitas-para-adultos-con-discapacidad","status":"publish","type":"post","link":"https:\/\/primicias2262.com\/noticias\/buen-inicio-de-las-actividades-gratuitas-para-adultos-con-discapacidad\/","title":{"rendered":"Buen inicio de las actividades gratuitas para adultos con discapacidad"},"content":{"rendered":"<p><strong>Comenz\u00f3 esta ma\u00f1ana en el Polideportivo con una clase de expresi\u00f3n f\u00edsica y con buena concurrencia. Ser\u00e1, en principio, todos los viernes de enero de 9 a 11. \u201cLa idea es ofrecerle una opci\u00f3n recreativa a estas personas en situaci\u00f3n de discapacidad que en el verano tienen sus actividades cortadas\u201d destac\u00f3 la responsable del \u00c1rea de Discapacidad, Camila Bianchi, mientras observaba esta primera clase.<\/strong><\/p>\n<p>Coordinadas desde al \u00c1rea de Discapacidad de la comuna, se puso este primer viernes del a\u00f1o en marcha en el Polideportivo Municipal una serie de actividades destinadas a personas adultas con discapacidad, atento que en temporada estival los deja sin su rutina habitual. El espacio, cabe mencionar, es ideal ya que cuenta incluso con ba\u00f1os adaptados lo que no es un dato para soslayar.<\/p>\n<p>En este sentido, la responsable de la dependencia a cargo, Camila Bianchi, explic\u00f3 en el lugar que \u201cla idea es ofrecerle una opci\u00f3n recreativa a esta poblaci\u00f3n en situaci\u00f3n de discapacidad que en el verano tiene sus actividades cortadas, como pueden ser los adultos del Taller Protegido que van a poder venir ac\u00e1 por ejemplo\u201d entre otras entidades.<\/p>\n<div class=\"wp-block-media-text is-stacked-on-mobile\">\n<div class=\"wp-block-media-text__content\">\n<p>\u201cEsto, por ahora, ser\u00e1 todos los viernes de enero de 9 a 11, de forma libre y gratuita para quienes quieran venir, donde incluso podr\u00e1n deleitarse con una colaci\u00f3n\u201d a\u00f1adi\u00f3 la funcionaria, al tiempo que resalt\u00f3 que \u201char\u00e1n actividades pl\u00e1sticas, art\u00edsticas, algo de expresi\u00f3n corporal, m\u00fasica, teatro, en definitiva un abanico de cosas que a ellos les gusta mucho\u201d.<\/p>\n<p>Luego, puso de relieve que \u201ccomo siempre que encaramos este tipo de actividades contamos con la colaboraci\u00f3n de la Asociaci\u00f3n La Subida quienes estar\u00e1n ac\u00e1 con sus talleres en alguna oportunidad\u201d.<\/p>\n<\/div>\n<\/div>\n<p>En el cierre, Bianchi aclar\u00f3 que para llevar adelante esta actividad \u201ccontamos con talleristas y acompa\u00f1antes terap\u00e9uticas, e incluso el o la que quiera venir con la suya lo puede hacer sin problema\u201d.<\/p>\n<p>&nbsp;<\/p>\n","protected":false},"excerpt":{"rendered":"<p>Comenz\u00f3 esta ma\u00f1ana en el Polideportivo con una clase de expresi\u00f3n f\u00edsica y con buena concurrencia. Ser\u00e1, en principio, todos los viernes de enero de 9 a 11. \u201cLa idea es ofrecerle una opci\u00f3n recreativa a estas personas en situaci\u00f3n de discapacidad que en el verano tienen sus actividades cortadas\u201d destac\u00f3 la responsable del \u00c1rea [&hellip;]<\/p>\n","protected":false},"author":3,"featured_media":96541,"comment_status":"closed","ping_status":"closed","sticky":false,"template":"","format":"standard","meta":{"footnotes":""},"categories":[3],"tags":[],"class_list":["post-96540","post","type-post","status-publish","format-standard","has-post-thumbnail","category-masnoticias"],"_links":{"self":[{"href":"https:\/\/primicias2262.com\/noticias\/wp-json\/wp\/v2\/posts\/96540","targetHints":{"allow":["GET"]}}],"collection":[{"href":"https:\/\/primicias2262.com\/noticias\/wp-json\/wp\/v2\/posts"}],"about":[{"href":"https:\/\/primicias2262.com\/noticias\/wp-json\/wp\/v2\/types\/post"}],"author":[{"embeddable":true,"href":"https:\/\/primicias2262.com\/noticias\/wp-json\/wp\/v2\/users\/3"}],"replies":[{"embeddable":true,"href":"https:\/\/primicias2262.com\/noticias\/wp-json\/wp\/v2\/comments?post=96540"}],"version-history":[{"count":0,"href":"https:\/\/primicias2262.com\/noticias\/wp-json\/wp\/v2\/posts\/96540\/revisions"}],"wp:attachment":[{"href":"https:\/\/primicias2262.com\/noticias\/wp-json\/wp\/v2\/media?parent=96540"}],"wp:term":[{"taxonomy":"category","embeddable":true,"href":"https:\/\/primicias2262.com\/noticias\/wp-json\/wp\/v2\/categories?post=96540"},{"taxonomy":"post_tag","embeddable":true,"href":"https:\/\/primicias2262.com\/noticias\/wp-json\/wp\/v2\/tags?post=96540"}],"curies":[{"name":"wp","href":"https:\/\/api.w.org\/{rel}","templated":true}]}}