{"id":96543,"date":"2023-01-06T12:16:57","date_gmt":"2023-01-06T15:16:57","guid":{"rendered":"https:\/\/primicias2262.com\/?p=96543"},"modified":"2023-01-06T12:16:57","modified_gmt":"2023-01-06T15:16:57","slug":"analizaron-la-preocupante-situacion-por-la-sequia-en-la-region","status":"publish","type":"post","link":"https:\/\/primicias2262.com\/noticias\/analizaron-la-preocupante-situacion-por-la-sequia-en-la-region\/","title":{"rendered":"Analizaron la preocupante situaci\u00f3n por la sequ\u00eda en la regi\u00f3n"},"content":{"rendered":"<p>El intendente de San Cayetano, Miguel Gargaglione, asisti\u00f3 a General Alvarado donde el gobernador de la provincia de Buenos Aires, Axel Kicillof encabez\u00f3 una reuni\u00f3n de trabajo con intendentes y representantes de sectores productivos vinculados al turismo y la cultura.<\/p>\n<p>Fue en la sede del Club de Golf Miramar, y participaron tambi\u00e9n los ministros de Producci\u00f3n, Ciencia e Innovaci\u00f3n Tecnol\u00f3gica, Augusto Costa; y de Seguridad, Sergio Berni; el jefe de Asesores, Carlos Bianco; y la presidenta del Instituto Cultural, Florencia Saintout.<\/p>\n<p>El intendente Gargaglione, junto a representantes de Coninagro y el secretario de Hacienda Manuel Mart\u00ednez, mostraron su preocupaci\u00f3n por la sequ\u00eda que perjudica al Distrito, la cual provoc\u00f3 importantes mermas en el rendimiento de la \u201ccosecha fina\u201d, genera incertidumbre en la \u201cgruesa\u201d y complica al sector ganadero, informando que en los pr\u00f3ximos d\u00edas se enviar\u00e1 la documentaci\u00f3n para solicitar la declaraci\u00f3n de emergencia y\/o desastre agropecuario.<\/p>\n<p>Asimismo agradeci\u00f3 al gobernador por triplicar, en relaci\u00f3n a la temporada 2021, la cantidad de efectivos para el Operativo Sol a Sol; valor\u00f3 la interacci\u00f3n permanente con autoridades del Instituto Cultural; el apoyo del Ministro Augusto Costa a la construcci\u00f3n del complejo Recreativo y la toma del cr\u00e9dito con Banco Provincia, y el v\u00ednculo con cada una de las \u00e1reas provinciales.<\/p>\n<p>Por su parte, representantes del turismo y la cultura celebraron las actividades efectuadas por Provincia durante el a\u00f1o y especialmente las organizadas para la presente temporada, como as\u00ed tambi\u00e9n mostraron su benepl\u00e1cito ante el anuncio de la continuidad del programa Viajes de Fin de Curso.<\/p>\n<p>En la reuni\u00f3n participaron representantes de pymes, cooperativas, c\u00e1maras empresariales y universidades; autoridades municipales y funcionarios y funcionarias de las \u00e1reas de producci\u00f3n, turismo y cultura.<\/p>\n","protected":false},"excerpt":{"rendered":"<p>El intendente de San Cayetano, Miguel Gargaglione, asisti\u00f3 a General Alvarado donde el gobernador de la provincia de Buenos Aires, Axel Kicillof encabez\u00f3 una reuni\u00f3n de trabajo con intendentes y representantes de sectores productivos vinculados al turismo y la cultura. Fue en la sede del Club de Golf Miramar, y participaron tambi\u00e9n los ministros de [&hellip;]<\/p>\n","protected":false},"author":3,"featured_media":96544,"comment_status":"closed","ping_status":"closed","sticky":false,"template":"","format":"standard","meta":{"footnotes":""},"categories":[3],"tags":[],"class_list":["post-96543","post","type-post","status-publish","format-standard","has-post-thumbnail","category-masnoticias"],"_links":{"self":[{"href":"https:\/\/primicias2262.com\/noticias\/wp-json\/wp\/v2\/posts\/96543","targetHints":{"allow":["GET"]}}],"collection":[{"href":"https:\/\/primicias2262.com\/noticias\/wp-json\/wp\/v2\/posts"}],"about":[{"href":"https:\/\/primicias2262.com\/noticias\/wp-json\/wp\/v2\/types\/post"}],"author":[{"embeddable":true,"href":"https:\/\/primicias2262.com\/noticias\/wp-json\/wp\/v2\/users\/3"}],"replies":[{"embeddable":true,"href":"https:\/\/primicias2262.com\/noticias\/wp-json\/wp\/v2\/comments?post=96543"}],"version-history":[{"count":0,"href":"https:\/\/primicias2262.com\/noticias\/wp-json\/wp\/v2\/posts\/96543\/revisions"}],"wp:attachment":[{"href":"https:\/\/primicias2262.com\/noticias\/wp-json\/wp\/v2\/media?parent=96543"}],"wp:term":[{"taxonomy":"category","embeddable":true,"href":"https:\/\/primicias2262.com\/noticias\/wp-json\/wp\/v2\/categories?post=96543"},{"taxonomy":"post_tag","embeddable":true,"href":"https:\/\/primicias2262.com\/noticias\/wp-json\/wp\/v2\/tags?post=96543"}],"curies":[{"name":"wp","href":"https:\/\/api.w.org\/{rel}","templated":true}]}}