{"id":96548,"date":"2023-01-07T15:02:15","date_gmt":"2023-01-07T18:02:15","guid":{"rendered":"https:\/\/primicias2262.com\/?p=96548"},"modified":"2023-01-07T15:02:15","modified_gmt":"2023-01-07T18:02:15","slug":"kicillof-piensa-mas-en-el-2023-que-en-la-gestion-del-dia-a-dia-afirmo-dominguez-yelpo","status":"publish","type":"post","link":"https:\/\/primicias2262.com\/noticias\/kicillof-piensa-mas-en-el-2023-que-en-la-gestion-del-dia-a-dia-afirmo-dominguez-yelpo\/","title":{"rendered":"\u201cKicillof piensa m\u00e1s en el 2023 que en la gesti\u00f3n del d\u00eda a d\u00eda\u201d, afirm\u00f3 Dom\u00ednguez Yelpo"},"content":{"rendered":"<p><strong>-Diputado, \u00bfqu\u00e9 balance puede hacer del trabajo legislativo de este a\u00f1o?<\/strong><\/p>\n<p>En lo personal, desde el bloque presentamos muchos proyectos para hacer viable a la Provincia, reordenando y reorganizando cuestiones administrativas y log\u00edsticas referentes a las distintas Secciones.<\/p>\n<p>Tambi\u00e9n present\u00e9 iniciativas que hacen a mi distrito, como es la regulaci\u00f3n de los veh\u00edculos que circulan en la arena para evitar accidentes y, algo muy importante, el pedido a Naci\u00f3n para que se establezca una zona franca en Puerto Quequ\u00e9n.<\/p>\n<p><strong>-\u00bfSe pudo trabajar con consenso, con di\u00e1logo, entre oficialismo y oposici\u00f3n?<\/strong><\/p>\n<p>No tanto como ser\u00eda lo deseable. Por eso se cayeron varias sesiones. Los proyectos se deben trabajar y no sacar por sacar.<\/p>\n<p><strong>-Una de las discusiones m\u00e1s importantes de este a\u00f1o fue la aprobaci\u00f3n del Presupuesto 2023. En t\u00e9rminos generales, \u00bfqu\u00e9 balance hace del proyecto presentado por el Ejecutivo? \u00bfQu\u00e9 rasgos puede destacar de la ley de leyes?<\/strong><\/p>\n<p>&#8211; El balance no es del todo positivo. El oficialismo contin\u00faa con una pr\u00e1ctica que deben modificar para tener mejor debate legislativo, que es no ocultar informaci\u00f3n ni pretender meter art\u00edculos y cambios a libro cerrado.<\/p>\n<p>Del presupuesto aprobado destaco una mejora respecto del presentado inicialmente en relaci\u00f3n a los fondos asignados a los municipios, algo que fortalece la autonom\u00eda municipal. Desde nuestro bloque bregamos siempre por la autonom\u00eda municipal, y para eso es importante fortalecer a los municipios y no dejarlos dependientes de la Provincia.<\/p>\n<p><strong>-\u00bfC\u00f3mo analiza la gesti\u00f3n de Axel Kicillof en la provincia?<\/strong><\/p>\n<p>Es una gesti\u00f3n que piensa m\u00e1s en el 2023 que en la gesti\u00f3n del d\u00eda a d\u00eda. Por eso los altos niveles de inseguridad. Al mismo tiempo intenta despegarse del oficialismo nacional, entrando en internas que repercuten en la gesti\u00f3n.<\/p>\n<p><strong>-En julio de este a\u00f1o, el bloque Espacio Abierto Juntos present\u00f3 un proyecto de ley que fue girado a cuatro comisiones respecto a la secci\u00f3n Capital. \u00bfHubo avances? \u00bfC\u00f3mo quedar\u00eda el mapa electoral de la provincia de Buenos Aires si se crea la secci\u00f3n Capital?<\/strong><\/p>\n<p>&nbsp;<\/p>\n<p>Nuestro proyecto abarca todas las Secciones. Lo que se pide es mayor equidad entre las secciones y sus representantes, que no haya sobre representaci\u00f3n ni sub representaci\u00f3n en las c\u00e1maras. No tiene fines electoralistas nuestra propuesta que luego fue mal copiada por el oficialismo.<\/p>\n","protected":false},"excerpt":{"rendered":"<p>-Diputado, \u00bfqu\u00e9 balance puede hacer del trabajo legislativo de este a\u00f1o? En lo personal, desde el bloque presentamos muchos proyectos para hacer viable a la Provincia, reordenando y reorganizando cuestiones administrativas y log\u00edsticas referentes a las distintas Secciones. Tambi\u00e9n present\u00e9 iniciativas que hacen a mi distrito, como es la regulaci\u00f3n de los veh\u00edculos que circulan [&hellip;]<\/p>\n","protected":false},"author":3,"featured_media":96549,"comment_status":"closed","ping_status":"closed","sticky":false,"template":"","format":"standard","meta":{"footnotes":""},"categories":[3],"tags":[],"class_list":["post-96548","post","type-post","status-publish","format-standard","has-post-thumbnail","category-masnoticias"],"_links":{"self":[{"href":"https:\/\/primicias2262.com\/noticias\/wp-json\/wp\/v2\/posts\/96548","targetHints":{"allow":["GET"]}}],"collection":[{"href":"https:\/\/primicias2262.com\/noticias\/wp-json\/wp\/v2\/posts"}],"about":[{"href":"https:\/\/primicias2262.com\/noticias\/wp-json\/wp\/v2\/types\/post"}],"author":[{"embeddable":true,"href":"https:\/\/primicias2262.com\/noticias\/wp-json\/wp\/v2\/users\/3"}],"replies":[{"embeddable":true,"href":"https:\/\/primicias2262.com\/noticias\/wp-json\/wp\/v2\/comments?post=96548"}],"version-history":[{"count":0,"href":"https:\/\/primicias2262.com\/noticias\/wp-json\/wp\/v2\/posts\/96548\/revisions"}],"wp:attachment":[{"href":"https:\/\/primicias2262.com\/noticias\/wp-json\/wp\/v2\/media?parent=96548"}],"wp:term":[{"taxonomy":"category","embeddable":true,"href":"https:\/\/primicias2262.com\/noticias\/wp-json\/wp\/v2\/categories?post=96548"},{"taxonomy":"post_tag","embeddable":true,"href":"https:\/\/primicias2262.com\/noticias\/wp-json\/wp\/v2\/tags?post=96548"}],"curies":[{"name":"wp","href":"https:\/\/api.w.org\/{rel}","templated":true}]}}