{"id":96560,"date":"2023-01-07T15:33:01","date_gmt":"2023-01-07T18:33:01","guid":{"rendered":"https:\/\/primicias2262.com\/?p=96560"},"modified":"2023-01-07T15:33:01","modified_gmt":"2023-01-07T18:33:01","slug":"se-lanzo-el-operativo-de-inspecciones-laborales-en-la-costa-atlantica","status":"publish","type":"post","link":"https:\/\/primicias2262.com\/noticias\/se-lanzo-el-operativo-de-inspecciones-laborales-en-la-costa-atlantica\/","title":{"rendered":"Se lanz\u00f3 el operativo de inspecciones laborales en la costa atl\u00e1ntica"},"content":{"rendered":"<section class=\"detail-note_news-article\" data-td-script-src=\"https:\/\/infocielo.com\/js-custom\/vendor\/jquery\/dist\/jquery.min-min-version-1598404901.js,https:\/\/infocielo.com\/js-custom\/299\/functions\/checkTwitterQuoteHighlight-min-version-1630609180.js,https:\/\/infocielo.com\/js-custom\/299\/functions\/embedsVideosOnBody-min-version-1630609180.js\">\n<div class=\"detail-note_body\" data-twitter-link=\"https:\/\/twitter.com\/intent\/tweet?url=https%3A%2F%2Finfocielo.com%2Fc753999&amp;related=infocielo&amp;text=Se+lanz%C3%B3+el+operativo+de+inspecciones+laborales+en+la+costa+atl%C3%A1ntica&amp;via=infocielo\">\n<p>La Provincia lanz\u00f3 desde la ciudad de Mar del Plata el operativo denominado\u00a0<strong>\u201cVerano 2023-Trabajo Bonaerense\u201d<\/strong>, a trav\u00e9s del que se realizar\u00e1n inspecciones para verificar el cumplimiento de los derechos laborales de las y los trabajadores en los principales destinos tur\u00edsticos de la\u00a0<strong>costa atl\u00e1ntica<\/strong>.<\/p>\n<\/div>\n<\/section>\n<section class=\"detail-note_news-article\" data-td-script-src=\"https:\/\/infocielo.com\/js-custom\/vendor\/jquery\/dist\/jquery.min-min-version-1598404901.js,https:\/\/infocielo.com\/js-custom\/299\/functions\/checkTwitterQuoteHighlight-min-version-1630609180.js,https:\/\/infocielo.com\/js-custom\/299\/functions\/embedsVideosOnBody-min-version-1630609180.js\">\n<div class=\"detail-note_body\" data-twitter-link=\"https:\/\/twitter.com\/intent\/tweet?url=https%3A%2F%2Finfocielo.com%2Fc753999&amp;related=infocielo&amp;text=Se+lanz%C3%B3+el+operativo+de+inspecciones+laborales+en+la+costa+atl%C3%A1ntica&amp;via=infocielo\">\n<p>El ministro de Trabajo bonaerense,\u00a0<strong>Walter Correa<\/strong>, fue el encargado de dar el puntapi\u00e9 al grupo de 65 inspectores e inspectoras, quienes comprobar\u00e1n las condiciones en materia laboral y de Salud, Seguridad e Higiene en rubros como comercio, gastronom\u00eda y hoteler\u00eda, entre otras actividades.<\/p>\n<p><span id=\"saysCMSEmphasisxgyugoynu8\" class=\"saysCMSEmphasis\">\u201cSer justos implica llegar a las y los trabajadores que est\u00e1n esperando que el Estado se haga presente ante situaciones laborales que no est\u00e1n en regla\u201d<\/span>, se\u00f1al\u00f3 Correa durante el lanzamiento. Vale marcar que, en la previa de la temporada,\u00a0realizaron m\u00e1s de 300 actas en inspecciones de trabajo de este tipo.<\/p>\n<p>&nbsp;<\/p>\n<div class=\"row\">\n<div class=\"col-12 col-md-8 clearfix\">\n<section class=\"detail-note_news-article\" data-td-script-src=\"https:\/\/infocielo.com\/js-custom\/vendor\/jquery\/dist\/jquery.min-min-version-1598404901.js,https:\/\/infocielo.com\/js-custom\/299\/functions\/checkTwitterQuoteHighlight-min-version-1630609180.js,https:\/\/infocielo.com\/js-custom\/299\/functions\/embedsVideosOnBody-min-version-1630609180.js\">\n<div class=\"detail-note_body\" data-twitter-link=\"https:\/\/twitter.com\/intent\/tweet?url=https%3A%2F%2Finfocielo.com%2Fc753999&amp;related=infocielo&amp;text=Se+lanz%C3%B3+el+operativo+de+inspecciones+laborales+en+la+costa+atl%C3%A1ntica&amp;via=infocielo\">\n<p>Para el funcionario, los inspectores \u201cson el primer eslab\u00f3n de un Estado que ingresa a ese edificio donde puede haber una o un trabajador no registrado\u201d.<\/p>\n<p>En concreto, la idea del operativo es \u201cverificar las condiciones de salud y seguridad\u201d de las y los trabajadores, lo que implica\u00a0<span id=\"saysCMSEmphasisop94m3u1vn\" class=\"saysCMSEmphasis\">corroborar \u201cla registraci\u00f3n del alta temprana, que sean correctas las modalidades contractuales, que se paguen las remuneraciones en tiempo y forma y que los lugares tengan las condiciones de salud y seguridad correspondientes\u201d.<\/span><\/p>\n<p>Este a\u00f1o tiene la particularidad que se estar\u00e1n inspeccionando actividades como la de guardavidas y los balnearios, y continuar\u00e1 el control sobre las empresas de transporte de media y larga distancia, tal como viene sucediendo desde hace unos meses.<\/p>\n<div id=\"170424-Libre-1640711088_wrap\" class=\"embed_cont type_imagen\" contenteditable=\"false\">\n<div id=\"170424-Libre-1640711088_content\" class=\"embed_content\"><img decoding=\"async\" id=\"170424-Libre-1640711088_embed\" src=\"https:\/\/media.infocielo.com\/p\/944e958272a39e597d0dc5931dcd72d3\/adjuntos\/299\/imagenes\/001\/565\/0001565104\/887x0\/smart\/operativo-trabajo-costajpg.jpg\" alt=\"Se lanz&amp;oacute; el operativo de inspecciones laborales en la costa atl&amp;aacute;ntica\" width=\"887\" height=\"\" \/><\/div>\n<div id=\"170424-Libre-1640711088_epigrafe\" class=\"embed_epigrafe\">\n<p>Se lanz\u00f3 el operativo de inspecciones laborales en la costa atl\u00e1ntica<\/p>\n<\/div>\n<\/div>\n<p>Adem\u00e1s, se realizan campa\u00f1as de informaci\u00f3n sobre los derechos laborales en los paradores provinciales del programa ReCreo, que consiste en la difusi\u00f3n a trav\u00e9s de folletos informativos y elementos recreativos para la playa que permiten tambi\u00e9n brindar informaci\u00f3n \u00fatil en materia laboral.<\/p>\n<\/div>\n<\/section>\n<section class=\"detail_note-footnote-section\">\n<div class=\"row detail-note_news-article align-items-end\">\n<div class=\"col-12 col-md-6\">\n<div class=\"detail_note-tags\"><\/div>\n<\/div>\n<\/div>\n<\/section>\n<\/div>\n<\/div>\n<p>&nbsp;<\/p>\n<div id=\"zocalo\" class=\"ad-slot\" data-adtype=\"zocalo\" data-refresh=\"120\" data-adzonerun=\"1\" data-google-query-id=\"CLWL4tqLtvwCFX4JuQYdrCkBZg\"><\/div>\n<\/div>\n<\/section>\n","protected":false},"excerpt":{"rendered":"<p>La Provincia lanz\u00f3 desde la ciudad de Mar del Plata el operativo denominado\u00a0\u201cVerano 2023-Trabajo Bonaerense\u201d, a trav\u00e9s del que se realizar\u00e1n inspecciones para verificar el cumplimiento de los derechos laborales de las y los trabajadores en los principales destinos tur\u00edsticos de la\u00a0costa atl\u00e1ntica. El ministro de Trabajo bonaerense,\u00a0Walter Correa, fue el encargado de dar el [&hellip;]<\/p>\n","protected":false},"author":3,"featured_media":96561,"comment_status":"closed","ping_status":"closed","sticky":false,"template":"","format":"standard","meta":{"footnotes":""},"categories":[3],"tags":[],"class_list":["post-96560","post","type-post","status-publish","format-standard","has-post-thumbnail","category-masnoticias"],"_links":{"self":[{"href":"https:\/\/primicias2262.com\/noticias\/wp-json\/wp\/v2\/posts\/96560","targetHints":{"allow":["GET"]}}],"collection":[{"href":"https:\/\/primicias2262.com\/noticias\/wp-json\/wp\/v2\/posts"}],"about":[{"href":"https:\/\/primicias2262.com\/noticias\/wp-json\/wp\/v2\/types\/post"}],"author":[{"embeddable":true,"href":"https:\/\/primicias2262.com\/noticias\/wp-json\/wp\/v2\/users\/3"}],"replies":[{"embeddable":true,"href":"https:\/\/primicias2262.com\/noticias\/wp-json\/wp\/v2\/comments?post=96560"}],"version-history":[{"count":0,"href":"https:\/\/primicias2262.com\/noticias\/wp-json\/wp\/v2\/posts\/96560\/revisions"}],"wp:attachment":[{"href":"https:\/\/primicias2262.com\/noticias\/wp-json\/wp\/v2\/media?parent=96560"}],"wp:term":[{"taxonomy":"category","embeddable":true,"href":"https:\/\/primicias2262.com\/noticias\/wp-json\/wp\/v2\/categories?post=96560"},{"taxonomy":"post_tag","embeddable":true,"href":"https:\/\/primicias2262.com\/noticias\/wp-json\/wp\/v2\/tags?post=96560"}],"curies":[{"name":"wp","href":"https:\/\/api.w.org\/{rel}","templated":true}]}}