{"id":96588,"date":"2023-01-09T13:40:17","date_gmt":"2023-01-09T16:40:17","guid":{"rendered":"https:\/\/primicias2262.com\/?p=96588"},"modified":"2023-01-09T13:40:17","modified_gmt":"2023-01-09T16:40:17","slug":"martin-migueles-participo-de-un-encuentro-con-rodriguez-larreta-y-diego-santilli","status":"publish","type":"post","link":"https:\/\/primicias2262.com\/noticias\/martin-migueles-participo-de-un-encuentro-con-rodriguez-larreta-y-diego-santilli\/","title":{"rendered":"Mart\u00edn Migueles particip\u00f3 de un encuentro con Rodr\u00edguez Larreta y Diego Santilli"},"content":{"rendered":"<p><strong>Los referentes de Juntos tuvieron una charla de caf\u00e9 con vecinos en Mar del Plata.<\/strong><\/p>\n<p>El pre candidato a intendente de Necochea, Mart\u00edn Migueles, particip\u00f3 durante el fin de semana de un encuentro en Mar del Plata con los principales referentes de Juntos por el Cambio a nivel nacional y provincial, entre los que estaban el actual jefe de Gobierno de la Ciudad de Buenos Aires, Horacio Rodr\u00edguez Larreta; y el diputado nacional, Diego Santilli, quienes buscar\u00e1n en las elecciones de este a\u00f1o llegar a gobernar el pa\u00eds y la provincia, respectivamente.<\/p>\n<p>Los candidatos nacionales y provinciales han sido acompa\u00f1ados en esta recorrida por la costa por otros referentes del espacio, como Gladys Gonz\u00e1lez, Diego Valenzuela y Martiniano Molina, haciendo foco en escuchar a los vecinos y las necesidades, pero aprovechando para establecer los ejes de trabajo de cara al futuro, en caso de poder llegar a ser gobierno, siendo los principales reclamos la inseguridad, el desempleo, la situaci\u00f3n econ\u00f3mica y la falta de servicios b\u00e1sicos o el mal funcionamiento de los existentes, como el agua.<\/p>\n<p>\u00abFue una charla muy productiva, en la que estuvimos tambi\u00e9n con vecinos, trabajando para tener una propuesta s\u00f3lida para que tengamos todos un lugar m\u00e1s seguro en el que vivir, con m\u00e1s trabajo y con una situaci\u00f3n econ\u00f3mica que nos permita crecer\u00bb, dijo el necochense Mart\u00edn Migueles tras el encuentro.<\/p>\n","protected":false},"excerpt":{"rendered":"<p>Los referentes de Juntos tuvieron una charla de caf\u00e9 con vecinos en Mar del Plata. El pre candidato a intendente de Necochea, Mart\u00edn Migueles, particip\u00f3 durante el fin de semana de un encuentro en Mar del Plata con los principales referentes de Juntos por el Cambio a nivel nacional y provincial, entre los que estaban [&hellip;]<\/p>\n","protected":false},"author":3,"featured_media":96589,"comment_status":"closed","ping_status":"closed","sticky":false,"template":"","format":"standard","meta":{"footnotes":""},"categories":[3],"tags":[],"class_list":["post-96588","post","type-post","status-publish","format-standard","has-post-thumbnail","category-masnoticias"],"_links":{"self":[{"href":"https:\/\/primicias2262.com\/noticias\/wp-json\/wp\/v2\/posts\/96588","targetHints":{"allow":["GET"]}}],"collection":[{"href":"https:\/\/primicias2262.com\/noticias\/wp-json\/wp\/v2\/posts"}],"about":[{"href":"https:\/\/primicias2262.com\/noticias\/wp-json\/wp\/v2\/types\/post"}],"author":[{"embeddable":true,"href":"https:\/\/primicias2262.com\/noticias\/wp-json\/wp\/v2\/users\/3"}],"replies":[{"embeddable":true,"href":"https:\/\/primicias2262.com\/noticias\/wp-json\/wp\/v2\/comments?post=96588"}],"version-history":[{"count":0,"href":"https:\/\/primicias2262.com\/noticias\/wp-json\/wp\/v2\/posts\/96588\/revisions"}],"wp:attachment":[{"href":"https:\/\/primicias2262.com\/noticias\/wp-json\/wp\/v2\/media?parent=96588"}],"wp:term":[{"taxonomy":"category","embeddable":true,"href":"https:\/\/primicias2262.com\/noticias\/wp-json\/wp\/v2\/categories?post=96588"},{"taxonomy":"post_tag","embeddable":true,"href":"https:\/\/primicias2262.com\/noticias\/wp-json\/wp\/v2\/tags?post=96588"}],"curies":[{"name":"wp","href":"https:\/\/api.w.org\/{rel}","templated":true}]}}