{"id":96597,"date":"2023-01-09T13:59:05","date_gmt":"2023-01-09T16:59:05","guid":{"rendered":"https:\/\/primicias2262.com\/?p=96597"},"modified":"2023-01-09T13:59:05","modified_gmt":"2023-01-09T16:59:05","slug":"sigue-la-vacunacion-covid-y-se-anuncio-un-operativo-para-el-sabado-14-en-el-caps-flores","status":"publish","type":"post","link":"https:\/\/primicias2262.com\/noticias\/sigue-la-vacunacion-covid-y-se-anuncio-un-operativo-para-el-sabado-14-en-el-caps-flores\/","title":{"rendered":"Sigue la vacunaci\u00f3n Covid y se anunci\u00f3 un operativo para el s\u00e1bado 14 en el CAPS Flores"},"content":{"rendered":"<p><strong>As\u00ed lo inform\u00f3 la coordinadora municipal de vacunaci\u00f3n, Adriana Turiaci, en el marco del crecimiento de casos positivos que se ven semanalmente.<\/strong><\/p>\n<p>En di\u00e1logo con el periodista Daniel Gonz\u00e1lez, la integrante de Atenci\u00f3n Primaria de la Salud se\u00f1al\u00f3 como cada lunes que \u201cseguimos vacunando contra el Covid, tenemos las tres postas habilitadas en CAPS Fomento, Sudoeste y el Hospital Modular, tanto para adultos como para pedi\u00e1tricos\u201d, pero adem\u00e1s anunci\u00f3 que \u201cla novedad es que este s\u00e1bado 14 de enero se va a vacunar en el centro de salud Flores de 69 y 76, tambi\u00e9n de 8 a 14 y con todas las dosis, como en cada posta\u201d.<\/p>\n<p>Turiaci ampli\u00f3 que \u201ctodos los mayores de 18 tienen refuerzos y los menores tambi\u00e9n, de 12 a 17 el segundo refuerzo, de 5 a 11 a\u00f1os un refuerzo y los chiquitos tambi\u00e9n\u201d, y se\u00f1al\u00f3 que \u201chay que llevar a los chicos y les dir\u00e1n en los lugares las vacunas que les tocan\u201d.<\/p>\n<p>Acerca del contexto actual, Turiaci sostuvo que \u201cestamos atravesando una temporada donde los casos se van duplicando semanalmente y est\u00e1 muy bueno tener el programa completo. Siempre la \u00faltima variante es la m\u00e1s contagiosa, el virus busca ganarnos, as\u00ed que el que tenga los cuatro meses de su \u00faltima vacuna tiene la quinta dosis habilitada, y los que tuvieron Sinopharm ya van por la sexta aplicaci\u00f3n\u201d.<\/p>\n<p>\u201cSi bien es el virus del Covid, esta variante no es lo mismo, parecer\u00eda que el virus est\u00e1 un paso adelante, cambia permanentemente y las vacunas se van modificando a medida que se van descubriendo cosas\u201d, acot\u00f3, y para el cierre subray\u00f3 que \u201cel viernes tuvimos vacunaci\u00f3n itinerante en La Dulce, donde se vacunaron 125 personas y lo vamos a repetir esta semana\u201d.<\/p>\n","protected":false},"excerpt":{"rendered":"<p>As\u00ed lo inform\u00f3 la coordinadora municipal de vacunaci\u00f3n, Adriana Turiaci, en el marco del crecimiento de casos positivos que se ven semanalmente. En di\u00e1logo con el periodista Daniel Gonz\u00e1lez, la integrante de Atenci\u00f3n Primaria de la Salud se\u00f1al\u00f3 como cada lunes que \u201cseguimos vacunando contra el Covid, tenemos las tres postas habilitadas en CAPS Fomento, [&hellip;]<\/p>\n","protected":false},"author":3,"featured_media":88732,"comment_status":"closed","ping_status":"closed","sticky":false,"template":"","format":"standard","meta":{"footnotes":""},"categories":[3],"tags":[],"class_list":["post-96597","post","type-post","status-publish","format-standard","has-post-thumbnail","category-masnoticias"],"_links":{"self":[{"href":"https:\/\/primicias2262.com\/noticias\/wp-json\/wp\/v2\/posts\/96597","targetHints":{"allow":["GET"]}}],"collection":[{"href":"https:\/\/primicias2262.com\/noticias\/wp-json\/wp\/v2\/posts"}],"about":[{"href":"https:\/\/primicias2262.com\/noticias\/wp-json\/wp\/v2\/types\/post"}],"author":[{"embeddable":true,"href":"https:\/\/primicias2262.com\/noticias\/wp-json\/wp\/v2\/users\/3"}],"replies":[{"embeddable":true,"href":"https:\/\/primicias2262.com\/noticias\/wp-json\/wp\/v2\/comments?post=96597"}],"version-history":[{"count":0,"href":"https:\/\/primicias2262.com\/noticias\/wp-json\/wp\/v2\/posts\/96597\/revisions"}],"wp:attachment":[{"href":"https:\/\/primicias2262.com\/noticias\/wp-json\/wp\/v2\/media?parent=96597"}],"wp:term":[{"taxonomy":"category","embeddable":true,"href":"https:\/\/primicias2262.com\/noticias\/wp-json\/wp\/v2\/categories?post=96597"},{"taxonomy":"post_tag","embeddable":true,"href":"https:\/\/primicias2262.com\/noticias\/wp-json\/wp\/v2\/tags?post=96597"}],"curies":[{"name":"wp","href":"https:\/\/api.w.org\/{rel}","templated":true}]}}