{"id":96600,"date":"2023-01-09T14:11:51","date_gmt":"2023-01-09T17:11:51","guid":{"rendered":"https:\/\/primicias2262.com\/?p=96600"},"modified":"2023-01-09T14:11:51","modified_gmt":"2023-01-09T17:11:51","slug":"con-una-matricula-en-aumento-las-escuelas-abiertas-en-verano-marchan-de-buena-manera","status":"publish","type":"post","link":"https:\/\/primicias2262.com\/noticias\/con-una-matricula-en-aumento-las-escuelas-abiertas-en-verano-marchan-de-buena-manera\/","title":{"rendered":"Con una matr\u00edcula en aumento, las Escuelas Abiertas en Verano marchan de buena manera"},"content":{"rendered":"<p><strong>As\u00ed lo asegur\u00f3 la Coordinadora del Programa Escuelas Abiertas en Verano, Vanesa Granero, en di\u00e1logo con el periodista Jorge G\u00f3mez.<\/strong><\/p>\n<p>Desde el 2 de enero pasado hasta el 27 del mismo mes, est\u00e1 vigente el Programa Escuelas Abiertas en Verano, dispuesto por la Direcci\u00f3n General de Cultura y Educaci\u00f3n de la Provincia de Buenos Aires en toda el territorio y en nuestro partido, donde el Consejo Escolar y el Municipio realizan su aporte para el desarrollo del mismo.<\/p>\n<p>La coordinadora local, Vanesa Granero, inform\u00f3 que \u201cpusimos en marcha el programa el lunes 2 de enero, durante la semana se empez\u00f3 a incrementar la matr\u00edcula, incluso se siguen anotando chicos y estamos cubriendo cargos docentes y guardavidas. El n\u00famero va variando, ya que antes iniciamos con una pre inscripci\u00f3n, por lo cual la primera semana el programa cont\u00f3 con unos mil alumnos y esta semana empezar\u00e1n m\u00e1s alumnos\u201d.<\/p>\n<p>Aclar\u00f3 a la pasada que \u201clos chicos se pueden anotar durante todo el mes, desde los tres a\u00f1os de edad, escolarizados, y hasta los 20 a\u00f1os\u2026 hay sedes que incrementaron m\u00e1s la matr\u00edcula con los chicos m\u00e1s peque\u00f1os\u201d.<\/p>\n<p>Granero subray\u00f3 que \u201ceste a\u00f1o se pudieron poner en marcha m\u00e1s sedes y se increment\u00f3 la matr\u00edcula respecto al a\u00f1o pasado, as\u00ed que todo marcha muy bien\u201d. Adem\u00e1s, \u201clas 22 sedes brindan servicio de desayuno y almuerzo, y se viene cubriendo bien\u201d, asegur\u00f3, destacando a su vez que \u201cse han cubierto cargos con docentes art\u00edsticas y maestros especiales y se han abierto sedes en la Dulce, Juan N. Fern\u00e1ndez, Claraz y Ram\u00f3n Santamarina\u201d.<\/p>\n","protected":false},"excerpt":{"rendered":"<p>As\u00ed lo asegur\u00f3 la Coordinadora del Programa Escuelas Abiertas en Verano, Vanesa Granero, en di\u00e1logo con el periodista Jorge G\u00f3mez. Desde el 2 de enero pasado hasta el 27 del mismo mes, est\u00e1 vigente el Programa Escuelas Abiertas en Verano, dispuesto por la Direcci\u00f3n General de Cultura y Educaci\u00f3n de la Provincia de Buenos Aires [&hellip;]<\/p>\n","protected":false},"author":3,"featured_media":96392,"comment_status":"closed","ping_status":"closed","sticky":false,"template":"","format":"standard","meta":{"footnotes":""},"categories":[3],"tags":[],"class_list":["post-96600","post","type-post","status-publish","format-standard","has-post-thumbnail","category-masnoticias"],"_links":{"self":[{"href":"https:\/\/primicias2262.com\/noticias\/wp-json\/wp\/v2\/posts\/96600","targetHints":{"allow":["GET"]}}],"collection":[{"href":"https:\/\/primicias2262.com\/noticias\/wp-json\/wp\/v2\/posts"}],"about":[{"href":"https:\/\/primicias2262.com\/noticias\/wp-json\/wp\/v2\/types\/post"}],"author":[{"embeddable":true,"href":"https:\/\/primicias2262.com\/noticias\/wp-json\/wp\/v2\/users\/3"}],"replies":[{"embeddable":true,"href":"https:\/\/primicias2262.com\/noticias\/wp-json\/wp\/v2\/comments?post=96600"}],"version-history":[{"count":0,"href":"https:\/\/primicias2262.com\/noticias\/wp-json\/wp\/v2\/posts\/96600\/revisions"}],"wp:attachment":[{"href":"https:\/\/primicias2262.com\/noticias\/wp-json\/wp\/v2\/media?parent=96600"}],"wp:term":[{"taxonomy":"category","embeddable":true,"href":"https:\/\/primicias2262.com\/noticias\/wp-json\/wp\/v2\/categories?post=96600"},{"taxonomy":"post_tag","embeddable":true,"href":"https:\/\/primicias2262.com\/noticias\/wp-json\/wp\/v2\/tags?post=96600"}],"curies":[{"name":"wp","href":"https:\/\/api.w.org\/{rel}","templated":true}]}}