{"id":96608,"date":"2023-01-10T11:18:39","date_gmt":"2023-01-10T14:18:39","guid":{"rendered":"https:\/\/primicias2262.com\/?p=96608"},"modified":"2023-01-10T11:18:39","modified_gmt":"2023-01-10T14:18:39","slug":"el-viernes-y-sabado-el-mar-estuvo-bastante-peligroso-y-hubo-gran-cantidad-de-rescates","status":"publish","type":"post","link":"https:\/\/primicias2262.com\/noticias\/el-viernes-y-sabado-el-mar-estuvo-bastante-peligroso-y-hubo-gran-cantidad-de-rescates\/","title":{"rendered":"\u201cEl viernes y s\u00e1bado el mar estuvo bastante peligroso y hubo gran cantidad de rescates\u201d"},"content":{"rendered":"<p><strong>As\u00ed lo defini\u00f3 el titular de la Asociaci\u00f3n de Guardavidas local, Pablo Su\u00e1rez, tras lo que fue un fin de semana de \u201cplayas abarrotadas\u201d por la gran afluencia de turistas y vecinos a las costas de Necochea y Quequ\u00e9n.<\/strong><\/p>\n<p>En di\u00e1logo con el periodista Jorge G\u00f3mez, Su\u00e1rez manifest\u00f3 que \u201cfue un fin de semana muy intenso con gran cantidad de gente que se acerc\u00f3 a la playa y con la particularidad que durante viernes y s\u00e1bado el mar estuvo bastante peligroso y con gran cantidad de rescates en toda la zona de Necochea\u201d.<\/p>\n<p>De hecho, \u201chubo un rescate que fue bastante comentado en la zona de 75, donde tuvo que darnos una mano el se\u00f1or Ismael M\u00e1s, que es el que maneja el gom\u00f3n de la banana sacando a diez menores que tuvieron que ser llevados a sala de primeros auxilios, pero sin complicaciones gracias a Dios\u201d.<\/p>\n<p>Quien s\u00ed sufri\u00f3 complicaciones fue el guardavidas Fabi\u00e1n Irazoqui, acerca de lo que Su\u00e1rez cont\u00f3 que \u201cnuestro compa\u00f1ero estaba haciendo un rescate y la soga se le qued\u00f3 enganchada en la \u00faltima falange del dedo anular de la mano y perdi\u00f3 accidentalmente esa parte de su dedo. Est\u00e1bamos muy preocupados y hoy est\u00e1 muy bien el compa\u00f1ero, mandamos un gran abrazo y una pronta recuperaci\u00f3n a Fabi\u00e1n \u201cPito\u201d Irazoqui, que es un referente de la actividad en Necochea\u201d.<\/p>\n<p>Seguidamente, Su\u00e1rez apunt\u00f3 que \u201cla verdad es que el mar vino con mucha fuerza, las olas con mucha espuma y fuerza, hay que tener cuidado porque hay veces que la ola no llega al metro pero viene con mucha fuerza y puede revolcar a cualquier persona, sobre todo a ni\u00f1os, por eso siempre decimos que los ni\u00f1os tienen que estar bajo la supervisi\u00f3n de un mayor, m\u00e1s all\u00e1 de que haya cobertura de guardavidas\u201d.<\/p>\n<p>En cuanto al fen\u00f3meno que mostr\u00f3 la ciudad, repleta de gente, Su\u00e1rez destac\u00f3 que \u201ceste fin de semana fue incre\u00edble, las playas abarrotadas de gente, a la tarde la marea estaba alta, quedaba poca playa y a la gente no le quedaba otra que estar amontonada. Se est\u00e1 viviendo una temporada con mucho caudal de gente y ojala que contin\u00fae as\u00ed para que todos tengamos una buena temporada\u201d.<\/p>\n<p>En ese contexto, se\u00f1al\u00f3 que todo el servicio de guardavidas est\u00e1 funcionando a pleno, \u201ccon las exbajadas 4&#215;4 con servicio de guardavidas, el Puente Dardo Rocha, Balneario Los \u00c1ngeles y con cobertura tambi\u00e9n en Puente Blanco, Cascadas, Costa Bonita y toda la costa\u201d, y finaliz\u00f3 marcando que \u201cse ha abierto mucho la playa, tenemos una costa con una riqueza natural hermosa y m\u00e1s de 50 kil\u00f3metros de playa\u2026 playas que parec\u00edan lejanas hoy son de muy f\u00e1cil acceso y se ha venido ampliando la cobertura, pero parece que nunca alcanza y esperemos que con el correr de los a\u00f1os se siga ampliando el servicio\u201d.<\/p>\n","protected":false},"excerpt":{"rendered":"<p>As\u00ed lo defini\u00f3 el titular de la Asociaci\u00f3n de Guardavidas local, Pablo Su\u00e1rez, tras lo que fue un fin de semana de \u201cplayas abarrotadas\u201d por la gran afluencia de turistas y vecinos a las costas de Necochea y Quequ\u00e9n. En di\u00e1logo con el periodista Jorge G\u00f3mez, Su\u00e1rez manifest\u00f3 que \u201cfue un fin de semana muy [&hellip;]<\/p>\n","protected":false},"author":3,"featured_media":94656,"comment_status":"closed","ping_status":"closed","sticky":false,"template":"","format":"standard","meta":{"footnotes":""},"categories":[3],"tags":[],"class_list":["post-96608","post","type-post","status-publish","format-standard","has-post-thumbnail","category-masnoticias"],"_links":{"self":[{"href":"https:\/\/primicias2262.com\/noticias\/wp-json\/wp\/v2\/posts\/96608","targetHints":{"allow":["GET"]}}],"collection":[{"href":"https:\/\/primicias2262.com\/noticias\/wp-json\/wp\/v2\/posts"}],"about":[{"href":"https:\/\/primicias2262.com\/noticias\/wp-json\/wp\/v2\/types\/post"}],"author":[{"embeddable":true,"href":"https:\/\/primicias2262.com\/noticias\/wp-json\/wp\/v2\/users\/3"}],"replies":[{"embeddable":true,"href":"https:\/\/primicias2262.com\/noticias\/wp-json\/wp\/v2\/comments?post=96608"}],"version-history":[{"count":0,"href":"https:\/\/primicias2262.com\/noticias\/wp-json\/wp\/v2\/posts\/96608\/revisions"}],"wp:attachment":[{"href":"https:\/\/primicias2262.com\/noticias\/wp-json\/wp\/v2\/media?parent=96608"}],"wp:term":[{"taxonomy":"category","embeddable":true,"href":"https:\/\/primicias2262.com\/noticias\/wp-json\/wp\/v2\/categories?post=96608"},{"taxonomy":"post_tag","embeddable":true,"href":"https:\/\/primicias2262.com\/noticias\/wp-json\/wp\/v2\/tags?post=96608"}],"curies":[{"name":"wp","href":"https:\/\/api.w.org\/{rel}","templated":true}]}}