{"id":96610,"date":"2023-01-10T11:16:38","date_gmt":"2023-01-10T14:16:38","guid":{"rendered":"https:\/\/primicias2262.com\/?p=96610"},"modified":"2023-01-10T11:16:38","modified_gmt":"2023-01-10T14:16:38","slug":"el-bibliomovil-de-conabip-se-establece-en-necochea-con-unos-500-libros","status":"publish","type":"post","link":"https:\/\/primicias2262.com\/noticias\/el-bibliomovil-de-conabip-se-establece-en-necochea-con-unos-500-libros\/","title":{"rendered":"El Bibliom\u00f3vil de CONABIP se establece en Necochea con unos 500 libros"},"content":{"rendered":"<p><strong>Gracias a las gestiones durante el a\u00f1o de las autoridades del Centro Cultural \/ Biblioteca Popular \u201cAndr\u00e9s Ferreyra\u201d. La unidad est\u00e1 llegando en horas de este martes.<br \/>\n<\/strong><\/p>\n<p>Quien dio detalles de la movida en di\u00e1logo con el periodista Jorge G\u00f3mez fue el titular del CC\/BPAF, Juan Marraro, quien valor\u00f3 que \u201cvolvemos a tener un bibliom\u00f3vil de CONABIP en pr\u00e9stamo durante la temporada de verano hasta fin de marzo, as\u00ed que estamos muy entusiasmados, esto es el fruto de una gesti\u00f3n durante todo el a\u00f1o, los m\u00f3viles son unos 20 para toda la naci\u00f3n, un par vienen a la costa atl\u00e1ntica y se asign\u00f3 uno para nuestra biblioteca\u201d.<\/p>\n<p>\u201cLlega de La Plata y aprovecharemos el inicio del ciclo lectivo a principios de marzo para utilizarlo y hacer visitas\u201d, acot\u00f3 el presidente de la Biblioteca, se\u00f1alando a la pasada que el m\u00f3vil itinerante tiene a bordo unos 500 libros para todo el p\u00fablico y con segmento especial para infancias y \u00a0juventud.<\/p>\n<p>Asimismo, Marraro explic\u00f3 que \u201cpara obtener el pr\u00e9stamo de la unidad hay que presentar todo un proyecto con circuitos y actividades propuestas, la idea es recorrer mucho la playa, sectores tur\u00edsticos y municipios vecinos como pueden ser Lober\u00eda y San Cayetano\u201d.<\/p>\n<p>Mientras tanto, record\u00f3 finalmente que \u201cen enero el Centro Cultural est\u00e1 cerrado por vacaciones que se toma todo el personal y en febrero ya se abre como siempre, aunque este enero estaremos con el Bibliom\u00f3vil y sus actividades art\u00edsticas, musicales y por supuesto de lectura\u201d.<\/p>\n","protected":false},"excerpt":{"rendered":"<p>Gracias a las gestiones durante el a\u00f1o de las autoridades del Centro Cultural \/ Biblioteca Popular \u201cAndr\u00e9s Ferreyra\u201d. La unidad est\u00e1 llegando en horas de este martes. Quien dio detalles de la movida en di\u00e1logo con el periodista Jorge G\u00f3mez fue el titular del CC\/BPAF, Juan Marraro, quien valor\u00f3 que \u201cvolvemos a tener un bibliom\u00f3vil [&hellip;]<\/p>\n","protected":false},"author":3,"featured_media":96611,"comment_status":"closed","ping_status":"closed","sticky":false,"template":"","format":"standard","meta":{"footnotes":""},"categories":[3],"tags":[],"class_list":["post-96610","post","type-post","status-publish","format-standard","has-post-thumbnail","category-masnoticias"],"_links":{"self":[{"href":"https:\/\/primicias2262.com\/noticias\/wp-json\/wp\/v2\/posts\/96610","targetHints":{"allow":["GET"]}}],"collection":[{"href":"https:\/\/primicias2262.com\/noticias\/wp-json\/wp\/v2\/posts"}],"about":[{"href":"https:\/\/primicias2262.com\/noticias\/wp-json\/wp\/v2\/types\/post"}],"author":[{"embeddable":true,"href":"https:\/\/primicias2262.com\/noticias\/wp-json\/wp\/v2\/users\/3"}],"replies":[{"embeddable":true,"href":"https:\/\/primicias2262.com\/noticias\/wp-json\/wp\/v2\/comments?post=96610"}],"version-history":[{"count":0,"href":"https:\/\/primicias2262.com\/noticias\/wp-json\/wp\/v2\/posts\/96610\/revisions"}],"wp:attachment":[{"href":"https:\/\/primicias2262.com\/noticias\/wp-json\/wp\/v2\/media?parent=96610"}],"wp:term":[{"taxonomy":"category","embeddable":true,"href":"https:\/\/primicias2262.com\/noticias\/wp-json\/wp\/v2\/categories?post=96610"},{"taxonomy":"post_tag","embeddable":true,"href":"https:\/\/primicias2262.com\/noticias\/wp-json\/wp\/v2\/tags?post=96610"}],"curies":[{"name":"wp","href":"https:\/\/api.w.org\/{rel}","templated":true}]}}