{"id":96631,"date":"2023-01-10T11:04:53","date_gmt":"2023-01-10T14:04:53","guid":{"rendered":"https:\/\/primicias2262.com\/?p=96631"},"modified":"2023-01-10T11:04:53","modified_gmt":"2023-01-10T14:04:53","slug":"ultiman-detalles-para-una-nueva-edicion-de-la-feria-de-las-colectividades","status":"publish","type":"post","link":"https:\/\/primicias2262.com\/noticias\/ultiman-detalles-para-una-nueva-edicion-de-la-feria-de-las-colectividades\/","title":{"rendered":"Ultiman detalles para una nueva edici\u00f3n de la Feria de las Colectividades"},"content":{"rendered":"<p><strong>Funcionarios del Ejecutivo municipal mantuvieron en la Secretar\u00eda de Turismo y Desarrollo Productivo una reuni\u00f3n con los organizadores de la tradicional Feria de las Colectividades, con el objeto de trazar un trabajo articulado de cara a las 19\u00ba edici\u00f3n que, luego de un parate de dos a\u00f1os por la pandemia, volver\u00e1 a desarrollarse entre este viernes 13 y domingo 15 de enero en el Parque Miguel Lillo.<\/strong><\/p>\n<p>Puntualmente, desde la gesti\u00f3n se les asegur\u00f3, como cada a\u00f1o, aquellos servicios que como Estado municipal se le pueden aportar a un acontecimiento cultural de esta envergadura, al cual asisten miles de vecinos y turistas las tres jornadas para deleitarse de comidas t\u00edpicas de diferentes naciones en horario vespertino y nocturno.<\/p>\n<p>En este marco, se les garantiz\u00f3 el servicio del agua y la instalaci\u00f3n el\u00e9ctrica para el evento, como as\u00ed tambi\u00e9n el escenario, guirnaldas, banderines y todo el color que, en definitiva, le dar\u00e1 un hermoso contexto a esta verdadera fiesta de la diversidad cultural.<\/p>\n<p>En representaci\u00f3n del gobierno comunal estuvieron en el c\u00f3nclave el secretario anfitri\u00f3n, Mat\u00edas Sierra, sus pares de Planeamiento y Obras P\u00fablicas y de Gobierno, Adri\u00e1n Furno y Jorge Mart\u00ednez respectivamente, entre otros funcionarios.<\/p>\n","protected":false},"excerpt":{"rendered":"<p>Funcionarios del Ejecutivo municipal mantuvieron en la Secretar\u00eda de Turismo y Desarrollo Productivo una reuni\u00f3n con los organizadores de la tradicional Feria de las Colectividades, con el objeto de trazar un trabajo articulado de cara a las 19\u00ba edici\u00f3n que, luego de un parate de dos a\u00f1os por la pandemia, volver\u00e1 a desarrollarse entre este [&hellip;]<\/p>\n","protected":false},"author":3,"featured_media":96632,"comment_status":"closed","ping_status":"closed","sticky":false,"template":"","format":"standard","meta":{"footnotes":""},"categories":[3],"tags":[],"class_list":["post-96631","post","type-post","status-publish","format-standard","has-post-thumbnail","category-masnoticias"],"_links":{"self":[{"href":"https:\/\/primicias2262.com\/noticias\/wp-json\/wp\/v2\/posts\/96631","targetHints":{"allow":["GET"]}}],"collection":[{"href":"https:\/\/primicias2262.com\/noticias\/wp-json\/wp\/v2\/posts"}],"about":[{"href":"https:\/\/primicias2262.com\/noticias\/wp-json\/wp\/v2\/types\/post"}],"author":[{"embeddable":true,"href":"https:\/\/primicias2262.com\/noticias\/wp-json\/wp\/v2\/users\/3"}],"replies":[{"embeddable":true,"href":"https:\/\/primicias2262.com\/noticias\/wp-json\/wp\/v2\/comments?post=96631"}],"version-history":[{"count":0,"href":"https:\/\/primicias2262.com\/noticias\/wp-json\/wp\/v2\/posts\/96631\/revisions"}],"wp:attachment":[{"href":"https:\/\/primicias2262.com\/noticias\/wp-json\/wp\/v2\/media?parent=96631"}],"wp:term":[{"taxonomy":"category","embeddable":true,"href":"https:\/\/primicias2262.com\/noticias\/wp-json\/wp\/v2\/categories?post=96631"},{"taxonomy":"post_tag","embeddable":true,"href":"https:\/\/primicias2262.com\/noticias\/wp-json\/wp\/v2\/tags?post=96631"}],"curies":[{"name":"wp","href":"https:\/\/api.w.org\/{rel}","templated":true}]}}