{"id":96634,"date":"2023-01-11T11:23:33","date_gmt":"2023-01-11T14:23:33","guid":{"rendered":"https:\/\/primicias2262.com\/?p=96634"},"modified":"2023-01-11T11:23:33","modified_gmt":"2023-01-11T14:23:33","slug":"caravana-de-los-reyes-magos-de-utep-movimiento-evita","status":"publish","type":"post","link":"https:\/\/primicias2262.com\/noticias\/caravana-de-los-reyes-magos-de-utep-movimiento-evita\/","title":{"rendered":"Caravana de los Reyes Magos de UTEP Movimiento Evita"},"content":{"rendered":"<p><strong>El pasado s\u00e1bado 7 de enero, los Reyes Magos recorrieron los diferentes barrios en donde se encuentran las Unidades Barriales de la UTEP &#8211; Movimiento Evita. Como viene siendo tradici\u00f3n desde hace a\u00f1os, los reyes recorrieron Malvones, Esfuerzo, \u00c1lamos, Terminal y Ovillitos de Lana, para entregarles golosinas a los ni\u00f1os. A cambio, recibieron una gran cantidad de sonrisas y amor genuino.<\/strong><\/p>\n<p>Desde UTEP Movimiento Evita se promueven todo el a\u00f1o actividades deportivas, culturales y de asistencia con m\u00f3dulos alimentarios a las familias que concurren a las diversas unidades barriales con la principal finalidad de garantizar derechos fundamentales de ni\u00f1os y ni\u00f1as de Necochea y Quequ\u00e9n.<\/p>\n<div dir=\"auto\">\n<div dir=\"auto\">Desde la organizaci\u00f3n, expresaron\u00a0 que \u00abagradecemos a cada compa\u00f1era y compa\u00f1ero por el compromiso social con cada una de nuestras infancias, y en esta ocasi\u00f3n a Fabian Ortie y a \u00abEl Galponcito Encantado\u00bb, por hacer posible el recorrido nuestros Reyes Magos\u00bb.<\/div>\n<\/div>\n","protected":false},"excerpt":{"rendered":"<p>El pasado s\u00e1bado 7 de enero, los Reyes Magos recorrieron los diferentes barrios en donde se encuentran las Unidades Barriales de la UTEP &#8211; Movimiento Evita. Como viene siendo tradici\u00f3n desde hace a\u00f1os, los reyes recorrieron Malvones, Esfuerzo, \u00c1lamos, Terminal y Ovillitos de Lana, para entregarles golosinas a los ni\u00f1os. A cambio, recibieron una gran [&hellip;]<\/p>\n","protected":false},"author":3,"featured_media":96635,"comment_status":"closed","ping_status":"closed","sticky":false,"template":"","format":"standard","meta":{"footnotes":""},"categories":[3],"tags":[],"class_list":["post-96634","post","type-post","status-publish","format-standard","has-post-thumbnail","category-masnoticias"],"_links":{"self":[{"href":"https:\/\/primicias2262.com\/noticias\/wp-json\/wp\/v2\/posts\/96634","targetHints":{"allow":["GET"]}}],"collection":[{"href":"https:\/\/primicias2262.com\/noticias\/wp-json\/wp\/v2\/posts"}],"about":[{"href":"https:\/\/primicias2262.com\/noticias\/wp-json\/wp\/v2\/types\/post"}],"author":[{"embeddable":true,"href":"https:\/\/primicias2262.com\/noticias\/wp-json\/wp\/v2\/users\/3"}],"replies":[{"embeddable":true,"href":"https:\/\/primicias2262.com\/noticias\/wp-json\/wp\/v2\/comments?post=96634"}],"version-history":[{"count":0,"href":"https:\/\/primicias2262.com\/noticias\/wp-json\/wp\/v2\/posts\/96634\/revisions"}],"wp:attachment":[{"href":"https:\/\/primicias2262.com\/noticias\/wp-json\/wp\/v2\/media?parent=96634"}],"wp:term":[{"taxonomy":"category","embeddable":true,"href":"https:\/\/primicias2262.com\/noticias\/wp-json\/wp\/v2\/categories?post=96634"},{"taxonomy":"post_tag","embeddable":true,"href":"https:\/\/primicias2262.com\/noticias\/wp-json\/wp\/v2\/tags?post=96634"}],"curies":[{"name":"wp","href":"https:\/\/api.w.org\/{rel}","templated":true}]}}