{"id":96642,"date":"2023-01-11T08:54:22","date_gmt":"2023-01-11T11:54:22","guid":{"rendered":"https:\/\/primicias2262.com\/?p=96642"},"modified":"2023-01-11T08:54:22","modified_gmt":"2023-01-11T11:54:22","slug":"un-camion-volco-cerca-de-pieres-y-quien-lo-manejaba-fue-rescatado-con-vida","status":"publish","type":"post","link":"https:\/\/primicias2262.com\/noticias\/un-camion-volco-cerca-de-pieres-y-quien-lo-manejaba-fue-rescatado-con-vida\/","title":{"rendered":"Un cami\u00f3n volc\u00f3 cerca de Pieres y quien lo manejaba fue rescatado con vida"},"content":{"rendered":"<p><strong>Defensa Civil inform\u00f3 en la madrugada de este mi\u00e9rcoles que el rescate demand\u00f3 m\u00e1s de dos horas pero se pudo sacar sana y salva desde la cabina del veh\u00edculo a la v\u00edctima del accidente.<\/strong><\/p>\n<p>Pasada la medianoche de este mi\u00e9rcoles se registr\u00f3 un accidente en Ruta provincial N\u00ba 227, casi llegando a Pieres, cuando volc\u00f3 un cami\u00f3n y termin\u00f3 en el interior de un campo. Afortunadamente, y por el gran trabajo de los grupos de rescate, despu\u00e9s de casi dos horas y media de intento se pudo sacar a la v\u00edctima que estaba trabada, sana y salva.<\/p>\n<p><a href=\"https:\/\/primicias2262.com\/wp-content\/uploads\/2023\/01\/WhatsApp-Image-2023-01-11-at-2.16.05-AM.jpeg\"><img loading=\"lazy\" decoding=\"async\" class=\"aligncenter size-full wp-image-96646\" src=\"https:\/\/primicias2262.com\/wp-content\/uploads\/2023\/01\/WhatsApp-Image-2023-01-11-at-2.16.05-AM.jpeg\" alt=\"\" width=\"1600\" height=\"721\" \/><\/a><\/p>\n<p>Augusto Fulton, director de Defensa Civil de la comuna necochense, report\u00f3 que la persona volv\u00eda sola desde Balcarce y tras el rescate fue derivada al Hospital Ferreyra de nuestra ciudad.<\/p>\n<p>\u201cLuego de un gran trabajo entre todos\u00a0 los grupos de rescate se pudo lograr destrabar a la v\u00edctima de entre los fierros de la cabina del cami\u00f3n, y sacarlo con vida\u201d, subray\u00f3 el funcionario municipal.<\/p>\n\n<p>En el lugar del accidente trabaj\u00f3 una ambulancia de la vecina localidad de Lober\u00eda, y adem\u00e1s trabajaron en forma conjunta bomberos de Lober\u00eda, Quequ\u00e9n y Necochea; personal de Defensa Civil y Patrulla Rural y Vial Quequ\u00e9n.<\/p>\n","protected":false},"excerpt":{"rendered":"<p>Defensa Civil inform\u00f3 en la madrugada de este mi\u00e9rcoles que el rescate demand\u00f3 m\u00e1s de dos horas pero se pudo sacar sana y salva desde la cabina del veh\u00edculo a la v\u00edctima del accidente. Pasada la medianoche de este mi\u00e9rcoles se registr\u00f3 un accidente en Ruta provincial N\u00ba 227, casi llegando a Pieres, cuando volc\u00f3 [&hellip;]<\/p>\n","protected":false},"author":3,"featured_media":96643,"comment_status":"closed","ping_status":"closed","sticky":false,"template":"","format":"standard","meta":{"footnotes":""},"categories":[3],"tags":[],"class_list":["post-96642","post","type-post","status-publish","format-standard","has-post-thumbnail","category-masnoticias"],"_links":{"self":[{"href":"https:\/\/primicias2262.com\/noticias\/wp-json\/wp\/v2\/posts\/96642","targetHints":{"allow":["GET"]}}],"collection":[{"href":"https:\/\/primicias2262.com\/noticias\/wp-json\/wp\/v2\/posts"}],"about":[{"href":"https:\/\/primicias2262.com\/noticias\/wp-json\/wp\/v2\/types\/post"}],"author":[{"embeddable":true,"href":"https:\/\/primicias2262.com\/noticias\/wp-json\/wp\/v2\/users\/3"}],"replies":[{"embeddable":true,"href":"https:\/\/primicias2262.com\/noticias\/wp-json\/wp\/v2\/comments?post=96642"}],"version-history":[{"count":0,"href":"https:\/\/primicias2262.com\/noticias\/wp-json\/wp\/v2\/posts\/96642\/revisions"}],"wp:attachment":[{"href":"https:\/\/primicias2262.com\/noticias\/wp-json\/wp\/v2\/media?parent=96642"}],"wp:term":[{"taxonomy":"category","embeddable":true,"href":"https:\/\/primicias2262.com\/noticias\/wp-json\/wp\/v2\/categories?post=96642"},{"taxonomy":"post_tag","embeddable":true,"href":"https:\/\/primicias2262.com\/noticias\/wp-json\/wp\/v2\/tags?post=96642"}],"curies":[{"name":"wp","href":"https:\/\/api.w.org\/{rel}","templated":true}]}}