{"id":96650,"date":"2023-01-11T09:48:02","date_gmt":"2023-01-11T12:48:02","guid":{"rendered":"https:\/\/primicias2262.com\/?p=96650"},"modified":"2023-01-11T09:48:02","modified_gmt":"2023-01-11T12:48:02","slug":"se-viene-el-festival-literario-raices-de-mi-tierra-en-el-museo-casa-del-faro-en-quequen","status":"publish","type":"post","link":"https:\/\/primicias2262.com\/noticias\/se-viene-el-festival-literario-raices-de-mi-tierra-en-el-museo-casa-del-faro-en-quequen\/","title":{"rendered":"Se viene el Festival Literario \u201cRa\u00edces de mi tierra\u201d en el Museo Casa del Faro en Quequ\u00e9n"},"content":{"rendered":"<p><strong>En el marco de los festejos del 9\u00b0 Aniversario de la creaci\u00f3n del Museo Casa del Faro de Quequ\u00e9n, Argentina, la instituci\u00f3n realizar\u00e1 su 7\u00b0 Festival Literario Internacional y el 1\u00b0 Festival Literario Internacional Plumas Libres de Luque, Paraguay, a realizarse este fin de semana, los d\u00edas viernes 13, s\u00e1bado 14 y domingo 15 de enero, con entrada libre y gratuita.<\/strong><\/p>\n<p>En concordancia con las declaraciones de la UNESCO que en su Art\u00edculo 7 manifiesta: \u00abEl patrimonio cultural, fuente de creatividad\u201d. \u201cLa creatividad tiene sus or\u00edgenes en las tradiciones culturales, pero se desarrolla plenamente en contacto con otras culturas. Por esta raz\u00f3n el patrimonio, en todas sus formas, debe preservarse, valorizarse y transmitirse a las generaciones futuras como testimonio de la experiencia y aspiraciones humanas, a fin de estimular la creatividad en toda su diversidad e inspirar un verdadero di\u00e1logo entre culturas.<\/p>\n<p>Por todo lo ante dicho, promovemos a trav\u00e9s de este Festival Literario Internacional, la integraci\u00f3n de las culturas en uso de las diversidades ling\u00fc\u00edsticas, en este caso el idioma castellano, el guaran\u00ed y el portugu\u00e9s como medio de unidad universal.<\/p>\n<p><strong>CRONOGRAMA:<\/strong><\/p>\n<p>Viernes 13<\/p>\n<p>Paseo de bienvenida por la ciudad de 14 a 17 hs.<br \/>\n18 hs. Apertura del evento.<br \/>\nPalabras de bienvenida de Nicasio D\u00edaz Llanos.<br \/>\nSaludo a los concurrentes de Liz Colman, organizadora por Paraguay, y de Roque<br \/>\nM\u00e9ndez, Sol Rivarola y \u00c1ngeles Espinosa por Quequ\u00e9n, Argentina.<br \/>\n1- Proyecci\u00f3n de fotograf\u00edas de Micaela M\u00e9ndez. LIBRANDO SILENCIOS<br \/>\n2- Presentaci\u00f3n de libros:<br \/>\nJuli\u00e1n Fiscina: GAVIOTAS (Mar del Plata)<br \/>\nRoque M\u00e9ndez: LIBRANDO SILENCIOS (Quequ\u00e9n)<br \/>\nNicasio D\u00edaz Llanos: 70 A\u00d1OS EN EL ARTE (Quequ\u00e9n)<\/p>\n<p>Refrigerio.<br \/>\nIlmar Antonio Auth: \u201cFALANDO DE M\u00daSICA\u201d. Brasil<br \/>\nAdnelson Campos. \u201cHist\u00f3rias que as estrellas contam\u201d. Brasil<\/p>\n<p>S\u00e1bado 14<\/p>\n<p>10:30 hs. Taller literario en Beach Garden Monte Pasubio Quequ\u00e9n, a cargo de Arturo<br \/>\nSerrano.<br \/>\nSusurradores.<br \/>\n12:30 hs. Presentaci\u00f3n de libros<br \/>\nMar\u00eda Amelia Dinova Castro. MADRE TIERRA. (Argentina)<br \/>\nAng\u00e9lica Maschio. Merlo, Argentina.<br \/>\n\u00abCUENTOS DE UNA NI\u00d1A DE PARAGUAY\u00bb -\u00abValientes\u00bb-\u00abEl Claro Oscuro de la<br \/>\nVida\u00bb<br \/>\n\u00c1ngeles Espinosa: MOLOTOV (Mar del Plata)<br \/>\nJulio Cesar Jara Cabral. \u00abAlma m\u00edstica \u00ab. Declamaci\u00f3n. (Paraguay)<br \/>\nColectividad Marchigiana. \u201cRA\u00cdCES MARCHIGIANAS\u201d<br \/>\nGriselda Sandill\u00fa. \u00abSANGRE NATIVA AMERICANA \u00bb<br \/>\nParan\u00e1, Entre R\u00edos, Argentina.<br \/>\nV\u00edctor Acosta: \u201c\u00d1EENGA\u201d<\/p>\n<p>18 hs. Disertaciones y ponencias:<br \/>\nVolver a las voces ancestrales. Jopara. Inclusi\u00f3n de lenguajes ancestrales en nuestro<br \/>\ndesarrollo cotidiano.<br \/>\n\u00b7 Liz Colman. Paraguay.<br \/>\n\u00b7 Juan Ignacio Cattay. El guaran\u00ed del Tarag\u00fc\u00ed. (Video) Goya, Corrientes,<br \/>\nArgentina.<br \/>\n\u00b7 Hugo Samudio. Paraguay.<br \/>\n\u00b7 Griselda Sandill\u00fa. Paraguay.<br \/>\n\u00b7 Octavo Gauto Prieto. Paraguay.<\/p>\n<p>19 hs. Proyecci\u00f3n de documental: Lober\u00eda, cuna de la Arqueolog\u00eda Pampeana.<br \/>\n(Aureliano Barros)<\/p>\n<p>Audiovisual- Paul Atangana Atangana &#8211; Camer\u00fan, \u00c1frica.<br \/>\nEntrega de premios y menciones especiales Concurso Literario Internacional 2022<br \/>\n\u201cRa\u00edces de mi tierra\u201d.<\/p>\n<p>Domingo 15<\/p>\n<p>M\u00fasica y baile del litoral. Agrupaci\u00f3n \u201cSentires de mi tierra\u201d<br \/>\nPLUMITAS LIBRES- AUDIOVISUAL: \u00abLo nuestro, che ret\u00e3\u00bb<br \/>\n\u00d1ande mbae, Paraguay.<br \/>\nV\u00edctor Acosta-Vivian Acosta-Cinthia Alvarenga-Mateo Acosta-Larissa Acosta Colman<br \/>\nComidas t\u00edpicas paraguayas, y de origen guaran\u00edtico, zona Corrientes, Misiones y<br \/>\nBrasil.<br \/>\nDespedida.<br \/>\nDurante los d\u00edas del festival, habr\u00e1 exposici\u00f3n y venta de libros. En el Museo habr\u00e1 agua mineral (donaci\u00f3n de Cimes) para llenar termos y beber.<\/p>\n<p><strong>La entrada es libre y gratuita.<\/strong><br \/>\nOrganizan: Museo Casa del Faro. Argentina<br \/>\nPlumas Libres. Paraguay<\/p>\n<p>Contactos:<br \/>\nCorreo electr\u00f3nico: literaturacasadelfaro@gmail.com<br \/>\nTel\u00e9fonos:<br \/>\n\u00c1ngeles Espinosa: +54 9 223 683 9044<br \/>\nLiz Colman: +595 982 62 5178<br \/>\nSol Rivarola: + 54 9 2262 300793<\/p>\n","protected":false},"excerpt":{"rendered":"<p>En el marco de los festejos del 9\u00b0 Aniversario de la creaci\u00f3n del Museo Casa del Faro de Quequ\u00e9n, Argentina, la instituci\u00f3n realizar\u00e1 su 7\u00b0 Festival Literario Internacional y el 1\u00b0 Festival Literario Internacional Plumas Libres de Luque, Paraguay, a realizarse este fin de semana, los d\u00edas viernes 13, s\u00e1bado 14 y domingo 15 de [&hellip;]<\/p>\n","protected":false},"author":3,"featured_media":96651,"comment_status":"closed","ping_status":"closed","sticky":false,"template":"","format":"standard","meta":{"footnotes":""},"categories":[3],"tags":[],"class_list":["post-96650","post","type-post","status-publish","format-standard","has-post-thumbnail","category-masnoticias"],"_links":{"self":[{"href":"https:\/\/primicias2262.com\/noticias\/wp-json\/wp\/v2\/posts\/96650","targetHints":{"allow":["GET"]}}],"collection":[{"href":"https:\/\/primicias2262.com\/noticias\/wp-json\/wp\/v2\/posts"}],"about":[{"href":"https:\/\/primicias2262.com\/noticias\/wp-json\/wp\/v2\/types\/post"}],"author":[{"embeddable":true,"href":"https:\/\/primicias2262.com\/noticias\/wp-json\/wp\/v2\/users\/3"}],"replies":[{"embeddable":true,"href":"https:\/\/primicias2262.com\/noticias\/wp-json\/wp\/v2\/comments?post=96650"}],"version-history":[{"count":0,"href":"https:\/\/primicias2262.com\/noticias\/wp-json\/wp\/v2\/posts\/96650\/revisions"}],"wp:attachment":[{"href":"https:\/\/primicias2262.com\/noticias\/wp-json\/wp\/v2\/media?parent=96650"}],"wp:term":[{"taxonomy":"category","embeddable":true,"href":"https:\/\/primicias2262.com\/noticias\/wp-json\/wp\/v2\/categories?post=96650"},{"taxonomy":"post_tag","embeddable":true,"href":"https:\/\/primicias2262.com\/noticias\/wp-json\/wp\/v2\/tags?post=96650"}],"curies":[{"name":"wp","href":"https:\/\/api.w.org\/{rel}","templated":true}]}}