{"id":96654,"date":"2023-01-11T13:00:41","date_gmt":"2023-01-11T16:00:41","guid":{"rendered":"https:\/\/primicias2262.com\/?p=96654"},"modified":"2023-01-11T13:00:41","modified_gmt":"2023-01-11T16:00:41","slug":"el-ministro-de-desarrollo-agrario-de-la-provincia-estara-visitando-necochea-este-jueves","status":"publish","type":"post","link":"https:\/\/primicias2262.com\/noticias\/el-ministro-de-desarrollo-agrario-de-la-provincia-estara-visitando-necochea-este-jueves\/","title":{"rendered":"El Ministro de Desarrollo Agrario de la Provincia estar\u00e1 visitando Necochea este jueves"},"content":{"rendered":"<p><strong>Este jueves llegar\u00e1 a Necochea el Ministro de Desarrollo Agrario de la Provincia de Buenos Aires, Javier Rodr\u00edguez, a fin de realizar una recorrida por distintos sectores de la ciudad y mantener una reuni\u00f3n con el intendente Arturo Rojas en el despacho municipal del 1\u00ba Piso.<\/strong><\/p>\n<p>Adem\u00e1s, la comuna anunci\u00f3 una conferencia de prensa del Ministro y el Intendente a partir de las 13.30.<\/p>\n<p>Javier Rodr\u00edguez asumi\u00f3 en su actual cargo en diciembre de 2019, cuando fue puesto en funciones por el gobernador, Axel Kicillof. Anteriormente se desempe\u00f1aba como Director de la Licenciatura en Econom\u00eda Pol\u00edtica de la Universidad Nacional de Lan\u00fas e investigador del Centro de Estudios Sociales, Econ\u00f3micos y Tecnol\u00f3gicos (CESET), donde se enfocaba en tem\u00e1ticas agroindustriales, de desarrollo econ\u00f3mico y pol\u00edticas econ\u00f3micas.<\/p>\n<p>El ministro destac\u00f3 que \u00abfrente a la crisis actual es necesario impulsar la producci\u00f3n, el trabajo y mejorar la calidad de vida de los bonaerenses\u201d, y asegur\u00f3 que \u00abproducci\u00f3n e industria deben ser parte de un mismo proceso\u00bb.<\/p>\n<p>En la funci\u00f3n p\u00fablica ocup\u00f3 distintos cargos: entre 2013 y 2015 fue Secretario de Coordinaci\u00f3n en el Ministerio de Agricultura; adem\u00e1s estuvo al frente de la Direcci\u00f3n Nacional de Desarrollo Sectorial, la Subsecretar\u00eda de Planificaci\u00f3n Econ\u00f3mica del Ministerio de Econom\u00eda y Finanzas P\u00fablicas de la Naci\u00f3n, entre otros.<\/p>\n","protected":false},"excerpt":{"rendered":"<p>Este jueves llegar\u00e1 a Necochea el Ministro de Desarrollo Agrario de la Provincia de Buenos Aires, Javier Rodr\u00edguez, a fin de realizar una recorrida por distintos sectores de la ciudad y mantener una reuni\u00f3n con el intendente Arturo Rojas en el despacho municipal del 1\u00ba Piso. Adem\u00e1s, la comuna anunci\u00f3 una conferencia de prensa del [&hellip;]<\/p>\n","protected":false},"author":3,"featured_media":96655,"comment_status":"closed","ping_status":"closed","sticky":false,"template":"","format":"standard","meta":{"footnotes":""},"categories":[5],"tags":[],"class_list":{"0":"post-96654","1":"post","2":"type-post","3":"status-publish","4":"format-standard","5":"has-post-thumbnail","7":"category-neco"},"_links":{"self":[{"href":"https:\/\/primicias2262.com\/noticias\/wp-json\/wp\/v2\/posts\/96654","targetHints":{"allow":["GET"]}}],"collection":[{"href":"https:\/\/primicias2262.com\/noticias\/wp-json\/wp\/v2\/posts"}],"about":[{"href":"https:\/\/primicias2262.com\/noticias\/wp-json\/wp\/v2\/types\/post"}],"author":[{"embeddable":true,"href":"https:\/\/primicias2262.com\/noticias\/wp-json\/wp\/v2\/users\/3"}],"replies":[{"embeddable":true,"href":"https:\/\/primicias2262.com\/noticias\/wp-json\/wp\/v2\/comments?post=96654"}],"version-history":[{"count":0,"href":"https:\/\/primicias2262.com\/noticias\/wp-json\/wp\/v2\/posts\/96654\/revisions"}],"wp:featuredmedia":[{"embeddable":true,"href":"https:\/\/primicias2262.com\/noticias\/wp-json\/"}],"wp:attachment":[{"href":"https:\/\/primicias2262.com\/noticias\/wp-json\/wp\/v2\/media?parent=96654"}],"wp:term":[{"taxonomy":"category","embeddable":true,"href":"https:\/\/primicias2262.com\/noticias\/wp-json\/wp\/v2\/categories?post=96654"},{"taxonomy":"post_tag","embeddable":true,"href":"https:\/\/primicias2262.com\/noticias\/wp-json\/wp\/v2\/tags?post=96654"}],"curies":[{"name":"wp","href":"https:\/\/api.w.org\/{rel}","templated":true}]}}