{"id":96692,"date":"2023-01-12T12:52:42","date_gmt":"2023-01-12T15:52:42","guid":{"rendered":"https:\/\/primicias2262.com\/?p=96692"},"modified":"2023-01-12T12:52:42","modified_gmt":"2023-01-12T15:52:42","slug":"este-domingo-habra-un-rural-bike-a-beneficio-de-no-estas-solo","status":"publish","type":"post","link":"https:\/\/primicias2262.com\/noticias\/este-domingo-habra-un-rural-bike-a-beneficio-de-no-estas-solo\/","title":{"rendered":"Este domingo habr\u00e1 un rural bike a beneficio de la ONG \u201cNo est\u00e1s solo\u201d"},"content":{"rendered":"<p><strong>Ser\u00e1 en Costa Bonita y lo recaudado estar\u00e1 destinado a la ONG que rabaja por el paciente oncol\u00f3gico. Quienes participen podr\u00e1n hacerlo en la modalidad de bicicleta que deseen.<\/strong><\/p>\n<p>Se anuncia para el venidero domingo 15 de enero una competencia de ciclismo a beneficio de la ONG \u201cNo est\u00e1s solo\u201d, a trav\u00e9s de una carrera que se denomina \u201c1\u00ba Rural Bike Costero por la vida\u201d y ser\u00e1 en Costa Bonita, sobre un circuito de 11 kil\u00f3metros.<\/p>\n<p>Uno de los organizadores de la carrera de ciclismo, Ariel Bracklo, puso de relieve que el fin es colaborar con lo recaudado y por ende, puede anotarse el que quiera y con la modalidad de bicicleta que m\u00e1s c\u00f3modo le quede. \u201cSomos un grupo de amigos que estamos colaborando con la ONG \u201cNo est\u00e1s solo\u201d de Karina Machado, llevamos 80 inscriptos y hay tiempo todav\u00eda de anotarse\u201d, se\u00f1al\u00f3.<\/p>\n<p>A modo informativo de la competencia en s\u00ed, Bracklo apunt\u00f3 que \u201cla largada y la llegada ser\u00e1 en la virgen de Costa Bonita, el circuito tiene 11 kil\u00f3metros y hay varias categor\u00edas, que son Principiantes, Promocionales, Competitiva y Gravel. De todas maneras, insisti\u00f3 en que \u201ces una carrera para que participen todos porque lo fundamental es la colaboraci\u00f3n, y por eso se hizo un circuito simple y plano en el que se pueda circular con una bicicleta com\u00fan\u201d.<\/p>\n<p><a href=\"https:\/\/primicias2262.com\/wp-content\/uploads\/2023\/01\/1o-Rural-Bike-Costero.jpeg\"><img loading=\"lazy\" decoding=\"async\" class=\"aligncenter size-full wp-image-96693\" src=\"https:\/\/primicias2262.com\/wp-content\/uploads\/2023\/01\/1o-Rural-Bike-Costero.jpeg\" alt=\"\" width=\"1080\" height=\"663\" \/><\/a><\/p>\n<p>Asimismo, Bracklo destac\u00f3 que \u201cqueremos agradecer al p\u00e1rroco que est\u00e1 ah\u00ed en la capilla porque nos brinda las instalaciones y la luz, y nos permite hacer una cantina tambi\u00e9n para colaborar con la recaudaci\u00f3n\u201d.<\/p>\n<p>\u201cHemos hecho muchas carreras pero es la primera vez que hacemos algo as\u00ed, est\u00e1 bueno brindar deportes y sirve para que la gente que viene de afuera conozca, porque por ah\u00ed se conoce Necochea pero no conocen Costa Bonita, entonces vienen y pueden correr, pasear y quedarse en la playa, de hecho, en un fragmento de la carrera se transita paralelo a la costa de Costa Bonita\u201d, resalt\u00f3 Bracklo finalmente.<\/p>\n","protected":false},"excerpt":{"rendered":"<p>Ser\u00e1 en Costa Bonita y lo recaudado estar\u00e1 destinado a la ONG que rabaja por el paciente oncol\u00f3gico. Quienes participen podr\u00e1n hacerlo en la modalidad de bicicleta que deseen. Se anuncia para el venidero domingo 15 de enero una competencia de ciclismo a beneficio de la ONG \u201cNo est\u00e1s solo\u201d, a trav\u00e9s de una carrera [&hellip;]<\/p>\n","protected":false},"author":3,"featured_media":96694,"comment_status":"closed","ping_status":"closed","sticky":false,"template":"","format":"standard","meta":{"footnotes":""},"categories":[3],"tags":[],"class_list":["post-96692","post","type-post","status-publish","format-standard","has-post-thumbnail","category-masnoticias"],"_links":{"self":[{"href":"https:\/\/primicias2262.com\/noticias\/wp-json\/wp\/v2\/posts\/96692","targetHints":{"allow":["GET"]}}],"collection":[{"href":"https:\/\/primicias2262.com\/noticias\/wp-json\/wp\/v2\/posts"}],"about":[{"href":"https:\/\/primicias2262.com\/noticias\/wp-json\/wp\/v2\/types\/post"}],"author":[{"embeddable":true,"href":"https:\/\/primicias2262.com\/noticias\/wp-json\/wp\/v2\/users\/3"}],"replies":[{"embeddable":true,"href":"https:\/\/primicias2262.com\/noticias\/wp-json\/wp\/v2\/comments?post=96692"}],"version-history":[{"count":0,"href":"https:\/\/primicias2262.com\/noticias\/wp-json\/wp\/v2\/posts\/96692\/revisions"}],"wp:attachment":[{"href":"https:\/\/primicias2262.com\/noticias\/wp-json\/wp\/v2\/media?parent=96692"}],"wp:term":[{"taxonomy":"category","embeddable":true,"href":"https:\/\/primicias2262.com\/noticias\/wp-json\/wp\/v2\/categories?post=96692"},{"taxonomy":"post_tag","embeddable":true,"href":"https:\/\/primicias2262.com\/noticias\/wp-json\/wp\/v2\/tags?post=96692"}],"curies":[{"name":"wp","href":"https:\/\/api.w.org\/{rel}","templated":true}]}}