{"id":96708,"date":"2023-01-12T16:33:04","date_gmt":"2023-01-12T19:33:04","guid":{"rendered":"https:\/\/primicias2262.com\/?p=96708"},"modified":"2023-01-12T16:33:04","modified_gmt":"2023-01-12T19:33:04","slug":"rojas-y-el-ministro-de-desarrollo-agrario-anunciaron-que-se-culminara-con-la-obra-del-camino-de-la-media-agua","status":"publish","type":"post","link":"https:\/\/primicias2262.com\/noticias\/rojas-y-el-ministro-de-desarrollo-agrario-anunciaron-que-se-culminara-con-la-obra-del-camino-de-la-media-agua\/","title":{"rendered":"Rojas y el ministro de Desarrollo Agrario anunciaron que se culminar\u00e1 con la obra del Camino de la Media Agua"},"content":{"rendered":"<p>El intendente Arturo Rojas recibi\u00f3 en su despacho al ministro de Desarrollo Agrario de la Provincia de Buenos Aires, Javier Rodr\u00edguez, momento en el que se avanz\u00f3 en la posibilidad de actualizar un financiamiento que qued\u00f3 pendiente por parte de la cartera bonaerense, en el marco del Plan Estrat\u00e9gico que busca fortalecer los caminos rurales de cada municipio. Con ese dinero, la idea del jefe comunal, y su equipo de Gobierno, es poder culminar la obra del Camino de la Media Agua, ubicado sobre Ruta 228 a la altura de kil\u00f3metro 31, conducto fundamental para el paso de la producci\u00f3n primaria.<\/p>\n<p>Luego de la reuni\u00f3n, el jefe comunal y el funcionario bonaerense atendieron a la prensa. En ese contexto, Rojas manifest\u00f3 que \u201chay un financiamiento por parte de este Ministerio para los municipios que apunta a mejoras de los caminos rurales, sabiendo la importancia que tiene, en nuestro distrito, todo el sector de la agroexportaci\u00f3n, teniendo adem\u00e1s el puerto m\u00e1s profundo del pa\u00eds\u201d.<\/p>\n<p>\u201cPara la salida de la producci\u00f3n primaria tienen que estar los caminos en condiciones\u201d agreg\u00f3 el Intendente, y en ese sentido \u201chay una tarea enorme del Ente Vial que viene mejorando los caminos hace mucho tiempo, pero que hay que seguir profundizando\u201d.<\/p>\n<p><a href=\"https:\/\/primicias2262.com\/wp-content\/uploads\/2023\/01\/FOTO-reunion-ministro-de-desarrollo-agrario2.jpg\"><img loading=\"lazy\" decoding=\"async\" class=\"aligncenter size-full wp-image-96709\" src=\"https:\/\/primicias2262.com\/wp-content\/uploads\/2023\/01\/FOTO-reunion-ministro-de-desarrollo-agrario2.jpg\" alt=\"\" width=\"1280\" height=\"853\" \/><\/a><\/p>\n<p>En el anterior aspecto, se\u00f1al\u00f3 el m\u00e1ximo mandatario que \u201chab\u00edamos presentado un proyecto en su momento, dentro del Plan Estrat\u00e9gico de Mejora de Caminos Rurales, para hacer un entoscado, alteo y alcantarillado de 23 Km sobre la Ruta 228, a la altura del K 31, que ya ha avanzado mucho por aporte de la Provincia, pero tambi\u00e9n por trabajos del ente y por parte de recursos puestos por el municipio\u201d.<\/p>\n<p>\u201cDe esos 23 kil\u00f3metros ya hay un avance de 19, es decir que nos quedan 4000 metros\u201d afirm\u00f3, para acotar que dentro del proyecto \u201ctambi\u00e9n est\u00e1 la posibilidad de la adquisici\u00f3n de un cami\u00f3n que le permita al ente transportar maquinaria\u201d.<\/p>\n<div class=\"wp-block-media-text is-stacked-on-mobile\">\n<div class=\"wp-block-media-text__content\">\n<p>En el cierre, adelant\u00f3 que \u201cqueda parte de ese presupuesto que ya est\u00e1 aprobado por el Ministerio y que va a venir pronto, que en realidad es un subsidio que hay que actualizar y que en su momento era de casi 24 millones de pesos, con el que terminar\u00edamos esos 4 k y comprar\u00edamos el cami\u00f3n\u201d.<\/p>\n<p>A su turno, el ministro Rodr\u00edguez resalt\u00f3 que \u201cel mantenimiento de los caminos rurales es atribuci\u00f3n de los municipios, pero estuvo la decisi\u00f3n del gobernador Axel Kicilloff de generar recursos para ello por encima de la coparticipaci\u00f3n a trav\u00e9s de un programa espec\u00edfico que le otorgarle m\u00e1s recursos para tal fin\u201d.<\/p>\n<p>Con respecto a la firma de los convenios, explic\u00f3 que \u201cla l\u00f3gica es que la Provincia aporta los materiales y equipamiento si es necesario, y los municipios la mano de obra y alguna maquinaria. Y en cada uno de ellos est\u00e1 el compromiso de una obra puntual y ac\u00e1 en Necochea es el Camino de la Media Agua\u201d entre otras.<\/p>\n<\/div>\n<\/div>\n<p>Junto al intendente Rojas estuvieron el secretario de Planeamiento y Obras P\u00fablicas, Adri\u00e1n Furno; el de Gobierno, Jorge Mart\u00ednez y los concejales Guillermo S\u00e1nchez y Ruth Kalle.<\/p>\n<p>Precisamente con Furno, y con el titular del Ente Vial, Sergio Giorello, el ministro Rodr\u00edguez se dirigi\u00f3 despu\u00e9s a recorrer la obra en cuesti\u00f3n para llevarse un panorama del avance de la misma.<\/p>\n","protected":false},"excerpt":{"rendered":"<p>El intendente Arturo Rojas recibi\u00f3 en su despacho al ministro de Desarrollo Agrario de la Provincia de Buenos Aires, Javier Rodr\u00edguez, momento en el que se avanz\u00f3 en la posibilidad de actualizar un financiamiento que qued\u00f3 pendiente por parte de la cartera bonaerense, en el marco del Plan Estrat\u00e9gico que busca fortalecer los caminos rurales [&hellip;]<\/p>\n","protected":false},"author":3,"featured_media":96710,"comment_status":"closed","ping_status":"closed","sticky":false,"template":"","format":"standard","meta":{"footnotes":""},"categories":[3],"tags":[],"class_list":["post-96708","post","type-post","status-publish","format-standard","has-post-thumbnail","category-masnoticias"],"_links":{"self":[{"href":"https:\/\/primicias2262.com\/noticias\/wp-json\/wp\/v2\/posts\/96708","targetHints":{"allow":["GET"]}}],"collection":[{"href":"https:\/\/primicias2262.com\/noticias\/wp-json\/wp\/v2\/posts"}],"about":[{"href":"https:\/\/primicias2262.com\/noticias\/wp-json\/wp\/v2\/types\/post"}],"author":[{"embeddable":true,"href":"https:\/\/primicias2262.com\/noticias\/wp-json\/wp\/v2\/users\/3"}],"replies":[{"embeddable":true,"href":"https:\/\/primicias2262.com\/noticias\/wp-json\/wp\/v2\/comments?post=96708"}],"version-history":[{"count":0,"href":"https:\/\/primicias2262.com\/noticias\/wp-json\/wp\/v2\/posts\/96708\/revisions"}],"wp:attachment":[{"href":"https:\/\/primicias2262.com\/noticias\/wp-json\/wp\/v2\/media?parent=96708"}],"wp:term":[{"taxonomy":"category","embeddable":true,"href":"https:\/\/primicias2262.com\/noticias\/wp-json\/wp\/v2\/categories?post=96708"},{"taxonomy":"post_tag","embeddable":true,"href":"https:\/\/primicias2262.com\/noticias\/wp-json\/wp\/v2\/tags?post=96708"}],"curies":[{"name":"wp","href":"https:\/\/api.w.org\/{rel}","templated":true}]}}