{"id":96716,"date":"2023-01-13T12:08:48","date_gmt":"2023-01-13T15:08:48","guid":{"rendered":"https:\/\/primicias2262.com\/?p=96716"},"modified":"2023-01-13T12:08:48","modified_gmt":"2023-01-13T15:08:48","slug":"la-upc-anuncio-obras-y-reparaciones-para-fortalecer-el-servicio-electrico","status":"publish","type":"post","link":"https:\/\/primicias2262.com\/noticias\/la-upc-anuncio-obras-y-reparaciones-para-fortalecer-el-servicio-electrico\/","title":{"rendered":"La UPC anunci\u00f3 obras y reparaciones para fortalecer el servicio el\u00e9ctrico"},"content":{"rendered":"<p><strong>La Usina Popular Cooperativa Sebasti\u00e1n de Mar\u00eda viene realizando distintas obras para mantener y fortalecer el servicio el\u00e9ctrico en nuestra ciudad, sobre todo en esta \u00e9poca estival, de gran demanda de energ\u00eda.<\/strong><\/p>\n<p>A modo de informe, mencionaron que se llevaron a cabo dos importantes obras a pedido de la Municipalidad de Necochea para dotar de energ\u00eda a dos pozos nuevos de agua ubicados en calle 87 y 50 y en Av. 59 y calle 110 bis, los que servir\u00e1n para abastecer a gran parte de la ciudad.<\/p>\n<p>En tanto, el s\u00e1bado 7 de enero en horas de la noche un sector del balneario de Arenas Verdes vio interrumpido el servicio el\u00e9ctrico por falta de fase, concurriendo a la brevedad una cuadrilla de esta Cooperativa para solucionar el inconveniente lo antes posible, ya que dicha zona balnearia se encuentra con mucha demanda tur\u00edstica y siempre nos encontramos trabajando al servicio de los vecinos del distrito de Lober\u00eda.<\/p>\n<p>Lamentablemente los hechos vand\u00e1licos contin\u00faan y la red el\u00e9ctrica fue nuevamente da\u00f1ada por el robo del cableado de media tensi\u00f3n en la vecina ciudad de Quequ\u00e9n, m\u00e1s precisamente en la zona de calles 566 y 529. Asimismo, en la zona del golf se sustrajeron cables subterr\u00e1neos de la salida del transformador, realizando una zanja para lograr el delito.<\/p>\n<p>Por tal motivo la Usina realiz\u00f3 obras de reemplazo de tendido de cables a\u00e9reo y subterr\u00e1neo. Los trabajadores de guardia repararon da\u00f1os y mediante maniobras en la red se restableci\u00f3 el servicio.<\/p>\n<p>La UPC ha venido cursando las denuncias correspondientes en cada caso ante las autoridades policiales, se ha comunicado al \u00e1rea de seguridad de la Municipalidad de Necochea y al Organismo de Control de la Energ\u00eda de la Provincia de Buenos Aires (OCEBA).<\/p>\n<p>No obstante ello, los hechos contin\u00faan ocurriendo y los da\u00f1os y robos no se detienen.<\/p>\n","protected":false},"excerpt":{"rendered":"<p>La Usina Popular Cooperativa Sebasti\u00e1n de Mar\u00eda viene realizando distintas obras para mantener y fortalecer el servicio el\u00e9ctrico en nuestra ciudad, sobre todo en esta \u00e9poca estival, de gran demanda de energ\u00eda. A modo de informe, mencionaron que se llevaron a cabo dos importantes obras a pedido de la Municipalidad de Necochea para dotar de [&hellip;]<\/p>\n","protected":false},"author":3,"featured_media":79508,"comment_status":"closed","ping_status":"closed","sticky":false,"template":"","format":"standard","meta":{"footnotes":""},"categories":[3],"tags":[],"class_list":["post-96716","post","type-post","status-publish","format-standard","has-post-thumbnail","category-masnoticias"],"_links":{"self":[{"href":"https:\/\/primicias2262.com\/noticias\/wp-json\/wp\/v2\/posts\/96716","targetHints":{"allow":["GET"]}}],"collection":[{"href":"https:\/\/primicias2262.com\/noticias\/wp-json\/wp\/v2\/posts"}],"about":[{"href":"https:\/\/primicias2262.com\/noticias\/wp-json\/wp\/v2\/types\/post"}],"author":[{"embeddable":true,"href":"https:\/\/primicias2262.com\/noticias\/wp-json\/wp\/v2\/users\/3"}],"replies":[{"embeddable":true,"href":"https:\/\/primicias2262.com\/noticias\/wp-json\/wp\/v2\/comments?post=96716"}],"version-history":[{"count":0,"href":"https:\/\/primicias2262.com\/noticias\/wp-json\/wp\/v2\/posts\/96716\/revisions"}],"wp:attachment":[{"href":"https:\/\/primicias2262.com\/noticias\/wp-json\/wp\/v2\/media?parent=96716"}],"wp:term":[{"taxonomy":"category","embeddable":true,"href":"https:\/\/primicias2262.com\/noticias\/wp-json\/wp\/v2\/categories?post=96716"},{"taxonomy":"post_tag","embeddable":true,"href":"https:\/\/primicias2262.com\/noticias\/wp-json\/wp\/v2\/tags?post=96716"}],"curies":[{"name":"wp","href":"https:\/\/api.w.org\/{rel}","templated":true}]}}