{"id":96718,"date":"2023-01-13T12:12:40","date_gmt":"2023-01-13T15:12:40","guid":{"rendered":"https:\/\/primicias2262.com\/?p=96718"},"modified":"2023-01-13T12:12:40","modified_gmt":"2023-01-13T15:12:40","slug":"el-bibliomovil-estara-este-sabado-en-monte-pasubio","status":"publish","type":"post","link":"https:\/\/primicias2262.com\/noticias\/el-bibliomovil-estara-este-sabado-en-monte-pasubio\/","title":{"rendered":"El Bibliom\u00f3vil estar\u00e1 este s\u00e1bado en Monte Pasubio"},"content":{"rendered":"<p><strong>Participar\u00e1 del Festival Ra\u00edces, a partir de las 10:30 horas.<\/strong><\/p>\n<p>El CCN\/BPAF informa que el Bibliom\u00f3vil estar\u00e1 este s\u00e1bado 14 de enero, en el balneario Monte Pasubio, en el marco de las actividades organizadas por el Festival Literario Pluricultural \u201cRa\u00edces de mi tierra\u201d; que se lleva a cabo en Quequ\u00e9n.<\/p>\n<p>A partir de las 10:30 horas, comenzar\u00e1 la actividad propuesta por el CCN\/BPAF \u201cEmergencias Po\u00e9ticas, servicio de asistencia po\u00e9tica al paso\u201d.<\/p>\n<p>Cabe destacar que el Bibliom\u00f3vil lleg\u00f3 a Necochea en articulaci\u00f3n del CCN\/BPAF con el Instituto Cultural de la Provincia de Buenos Aires, el programa Buenos Aires Lectora y CONABIP (Comisi\u00f3n Nacional de Bibliotecas Populares) que lleva adelante el Programa Nacional de Lectura Argentina Lee.<\/p>\n<p>La unidad lleva a bordo alrededor de 500 libros para todos los p\u00fablicos y con un segmento especial destinado a las infancias y a las juventudes. Los recorridos surgen de un entramado institucional que se logr\u00f3 a trav\u00e9s de un trabajo articulado con nuestra Biblioteca Popular Andr\u00e9s Ferreyra.<\/p>\n<p>En funci\u00f3n de ello se llevar\u00e1 adelante una programaci\u00f3n diversa y para todas las edades que incluye talleres de tango, percusi\u00f3n corporal, arte, Proyecto Manganeta, y mucho m\u00e1s.<\/p>\n<p>Las actividades comenzar\u00e1n este s\u00e1bado en Quequ\u00e9n, y finalizar\u00e1n el 31 de marzo en un recorrido que incluye las localidades de Quequ\u00e9n, Villa del Deportista, Balneario Los \u00c1ngeles, Costa Bonita, Energ\u00eda, Ram\u00f3n Santamarina, La Dulce, Juan N. Fern\u00e1ndez, Claraz y Villa Zabala. En el Partido de Lober\u00eda, habr\u00e1 actividades en Tamanguey\u00fa, Arenas Verdes, El Moro y San Manuel. Adem\u00e1s, en el Partido de General Alvarado, el Bibliom\u00f3vil visitar\u00e1 Mechongu\u00e9, Nicanor Otamendi, Mar del sur y Chapadmalal, mientras que en el Partido de Tres Arroyos se visitar\u00e1n las localidades de Orense, Balneario Orense, San Francisco de Bellocq y Balneario Reta.<\/p>\n<p>Tambi\u00e9n ser\u00e1n locaciones el Partido de San Cayetano: San Cayetano, Balneario San Cayetano y en el Partido de Balcarce: San Agust\u00edn, Los Pinos y Napaleuf\u00fa.<\/p>\n","protected":false},"excerpt":{"rendered":"<p>Participar\u00e1 del Festival Ra\u00edces, a partir de las 10:30 horas. El CCN\/BPAF informa que el Bibliom\u00f3vil estar\u00e1 este s\u00e1bado 14 de enero, en el balneario Monte Pasubio, en el marco de las actividades organizadas por el Festival Literario Pluricultural \u201cRa\u00edces de mi tierra\u201d; que se lleva a cabo en Quequ\u00e9n. A partir de las 10:30 [&hellip;]<\/p>\n","protected":false},"author":3,"featured_media":96719,"comment_status":"closed","ping_status":"closed","sticky":false,"template":"","format":"standard","meta":{"footnotes":""},"categories":[3],"tags":[],"class_list":["post-96718","post","type-post","status-publish","format-standard","has-post-thumbnail","category-masnoticias"],"_links":{"self":[{"href":"https:\/\/primicias2262.com\/noticias\/wp-json\/wp\/v2\/posts\/96718","targetHints":{"allow":["GET"]}}],"collection":[{"href":"https:\/\/primicias2262.com\/noticias\/wp-json\/wp\/v2\/posts"}],"about":[{"href":"https:\/\/primicias2262.com\/noticias\/wp-json\/wp\/v2\/types\/post"}],"author":[{"embeddable":true,"href":"https:\/\/primicias2262.com\/noticias\/wp-json\/wp\/v2\/users\/3"}],"replies":[{"embeddable":true,"href":"https:\/\/primicias2262.com\/noticias\/wp-json\/wp\/v2\/comments?post=96718"}],"version-history":[{"count":0,"href":"https:\/\/primicias2262.com\/noticias\/wp-json\/wp\/v2\/posts\/96718\/revisions"}],"wp:attachment":[{"href":"https:\/\/primicias2262.com\/noticias\/wp-json\/wp\/v2\/media?parent=96718"}],"wp:term":[{"taxonomy":"category","embeddable":true,"href":"https:\/\/primicias2262.com\/noticias\/wp-json\/wp\/v2\/categories?post=96718"},{"taxonomy":"post_tag","embeddable":true,"href":"https:\/\/primicias2262.com\/noticias\/wp-json\/wp\/v2\/tags?post=96718"}],"curies":[{"name":"wp","href":"https:\/\/api.w.org\/{rel}","templated":true}]}}